{"id":5464,"date":"2021-05-12T14:18:00","date_gmt":"2021-05-12T12:18:00","guid":{"rendered":"https:\/\/www.atlantica-radio.fr\/?p=5464"},"modified":"2021-05-12T15:22:15","modified_gmt":"2021-05-12T13:22:15","slug":"meilleure-vie-le-deuxieme-album-de-jeremy-frerot-suite-a-la-separation-des-frerot-de-la-vega","status":"publish","type":"post","link":"https:\/\/www.atlantica-radio.fr\/meilleure-vie-le-deuxieme-album-de-jeremy-frerot-suite-a-la-separation-des-frerot-de-la-vega\/","title":{"rendered":"\u00ab\u00a0Meilleure vie\u00a0\u00bb, le deuxi\u00e8me album de Jer\u00e9my fr\u00e9rot suite \u00e0 la s\u00e9paration des Fr\u00e9rot de la Vega."},"content":{"rendered":"\n<p>Connu gr\u00e2ce \u00e0 sa participation \u00e0 l\u2019\u00e9mission The Voice, J\u00e9r\u00e9my Fr\u00e9rot a aussi compl\u00e9t\u00e9 le duo des \u00ab&nbsp;Fr\u00e9ro Delavega&nbsp;\u00bb au d\u00e9but des ann\u00e9es 2011 avec notamment le titre \u00ab&nbsp;le Chant des Sir\u00e8nes&nbsp;\u00bb certifi\u00e9 disque d\u2019or. Apr\u00e8s six ans de duo, ces derniers voient la dissolution de leur groupe en 2017 et J\u00e9r\u00e9my Fr\u00e9rot tourne d\u00e9finitivement la page de ses ann\u00e9es&nbsp;au c\u00f4t\u00e9 de&nbsp;Florian Garcia. L\u2019artiste Bordelais d\u00e9livre son album intitul\u00e9 &#8220;Meilleure vie&#8221; le 19 f\u00e9vrier 2021. C&#8217;est son deuxi\u00e8me album solo apr\u00e8s &#8220;Matriochka&#8221; sorti en octobre 2018.&nbsp;Pour son deuxi\u00e8me album solo, l\u2019artiste s\u2019est immerg\u00e9 sur le territoire de son enfance : le bassin d\u2019Arcachon. Un album qui parle d&#8217;amour, de ses doutes mais aussi de l&#8217;environnement.&#8221;On a r\u00e9ussi \u00e0 faire un album qui transpire ici, qui transpire cet endroit, parce que j&#8217;y \u00e9tais, parce que \u00e7a m&#8217;a inspir\u00e9. Ma famille m&#8217;a inspir\u00e9. Mes amis m&#8217;ont inspir\u00e9. Le confinement a fait que j&#8217;avais envie d&#8217;entendre quelque chose de beaucoup plus positif, qu&#8217;on se sente bien quand on \u00e9coute l&#8217;album&#8221;, confie l&#8217;artiste.&nbsp;La pochette d\u2019album a \u00e9t\u00e9 minutieusement r\u00e9fl\u00e9chit, le regard vers l\u2019appareil photo en guise de confiance et le fait que l\u2019artiste soit dans un hangar de bateau itu\u00e9 juste derri\u00e8re son bar \u00e0 vins, le Pestacle, sur le port de la Teste-de-Buch, le voil\u00e0 dans son \u00e9l\u00e9ment et nous invite \u00e0 l\u2019\u00e9couter chez lui.<\/p>\n","protected":false},"excerpt":{"rendered":"<p>Connu gr\u00e2ce \u00e0 sa participation \u00e0 l\u2019\u00e9mission The Voice, J\u00e9r\u00e9my Fr\u00e9rot a aussi compl\u00e9t\u00e9 le duo des \u00ab&nbsp;Fr\u00e9ro Delavega&nbsp;\u00bb au d\u00e9but des ann\u00e9es 2011 avec notamment le titre \u00ab&nbsp;le Chant des Sir\u00e8nes&nbsp;\u00bb certifi\u00e9 disque d\u2019or. Apr\u00e8s six ans de duo, ces derniers voient la dissolution de leur groupe en 2017 et J\u00e9r\u00e9my Fr\u00e9rot tourne d\u00e9finitivement [&hellip;]<\/p>\n","protected":false},"author":48,"featured_media":5473,"comment_status":"closed","ping_status":"closed","sticky":false,"template":"","format":"standard","meta":[],"categories":[7],"tags":[],"yoast_head":"<!-- This site is optimized with the Yoast SEO plugin v15.7 - https:\/\/yoast.com\/wordpress\/plugins\/seo\/ -->\n<title>\u00ab\u00a0Meilleure vie\u00a0\u00bb, le deuxi\u00e8me album de Jer\u00e9my fr\u00e9rot suite \u00e0 la s\u00e9paration des Fr\u00e9rot de la Vega. - Atlantica Radio<\/title>\n<meta name=\"robots\" content=\"index, follow, max-snippet:-1, max-image-preview:large, max-video-preview:-1\" \/>\n<link rel=\"canonical\" href=\"https:\/\/www.atlantica-radio.fr\/meilleure-vie-le-deuxieme-album-de-jeremy-frerot-suite-a-la-separation-des-frerot-de-la-vega\/\" \/>\n<meta property=\"og:locale\" content=\"fr_FR\" \/>\n<meta property=\"og:type\" content=\"article\" \/>\n<meta property=\"og:title\" content=\"\u00ab\u00a0Meilleure vie\u00a0\u00bb, le deuxi\u00e8me album de Jer\u00e9my fr\u00e9rot suite \u00e0 la s\u00e9paration des Fr\u00e9rot de la Vega. - Atlantica Radio\" \/>\n<meta property=\"og:description\" content=\"Connu gr\u00e2ce \u00e0 sa participation \u00e0 l\u2019\u00e9mission The Voice, J\u00e9r\u00e9my Fr\u00e9rot a aussi compl\u00e9t\u00e9 le duo des \u00ab&nbsp;Fr\u00e9ro Delavega&nbsp;\u00bb au d\u00e9but des ann\u00e9es 2011 avec notamment le titre \u00ab&nbsp;le Chant des Sir\u00e8nes&nbsp;\u00bb certifi\u00e9 disque d\u2019or. Apr\u00e8s six ans de duo, ces derniers voient la dissolution de leur groupe en 2017 et J\u00e9r\u00e9my Fr\u00e9rot tourne d\u00e9finitivement [&hellip;]\" \/>\n<meta property=\"og:url\" content=\"https:\/\/www.atlantica-radio.fr\/meilleure-vie-le-deuxieme-album-de-jeremy-frerot-suite-a-la-separation-des-frerot-de-la-vega\/\" \/>\n<meta property=\"og:site_name\" content=\"Atlantica Radio\" \/>\n<meta property=\"article:published_time\" content=\"2021-05-12T12:18:00+00:00\" \/>\n<meta property=\"article:modified_time\" content=\"2021-05-12T13:22:15+00:00\" \/>\n<meta property=\"og:image\" content=\"https:\/\/www.atlantica-radio.fr\/wp-content\/uploads\/2021\/05\/frerot-2.jpg\" \/>\n\t<meta property=\"og:image:width\" content=\"1200\" \/>\n\t<meta property=\"og:image:height\" content=\"675\" \/>\n<meta name=\"twitter:card\" content=\"summary_large_image\" \/>\n<meta name=\"twitter:label1\" content=\"Dur\u00e9e de lecture est.\">\n\t<meta name=\"twitter:data1\" content=\"1 minute\">\n<script type=\"application\/ld+json\" class=\"yoast-schema-graph\">{\"@context\":\"https:\/\/schema.org\",\"@graph\":[{\"@type\":\"WebSite\",\"@id\":\"https:\/\/www.atlantica-radio.fr\/#website\",\"url\":\"https:\/\/www.atlantica-radio.fr\/\",\"name\":\"Atlantica Radio\",\"description\":\"Au coeur du bassin d&#039;Arcachon\",\"potentialAction\":[{\"@type\":\"SearchAction\",\"target\":\"https:\/\/www.atlantica-radio.fr\/?s={search_term_string}\",\"query-input\":\"required name=search_term_string\"}],\"inLanguage\":\"fr-FR\"},{\"@type\":\"ImageObject\",\"@id\":\"https:\/\/www.atlantica-radio.fr\/meilleure-vie-le-deuxieme-album-de-jeremy-frerot-suite-a-la-separation-des-frerot-de-la-vega\/#primaryimage\",\"inLanguage\":\"fr-FR\",\"url\":\"https:\/\/www.atlantica-radio.fr\/wp-content\/uploads\/2021\/05\/frerot-2.jpg\",\"width\":1200,\"height\":675},{\"@type\":\"WebPage\",\"@id\":\"https:\/\/www.atlantica-radio.fr\/meilleure-vie-le-deuxieme-album-de-jeremy-frerot-suite-a-la-separation-des-frerot-de-la-vega\/#webpage\",\"url\":\"https:\/\/www.atlantica-radio.fr\/meilleure-vie-le-deuxieme-album-de-jeremy-frerot-suite-a-la-separation-des-frerot-de-la-vega\/\",\"name\":\"\\u00ab\\u00a0Meilleure vie\\u00a0\\u00bb, le deuxi\\u00e8me album de Jer\\u00e9my fr\\u00e9rot suite \\u00e0 la s\\u00e9paration des Fr\\u00e9rot de la Vega. - Atlantica Radio\",\"isPartOf\":{\"@id\":\"https:\/\/www.atlantica-radio.fr\/#website\"},\"primaryImageOfPage\":{\"@id\":\"https:\/\/www.atlantica-radio.fr\/meilleure-vie-le-deuxieme-album-de-jeremy-frerot-suite-a-la-separation-des-frerot-de-la-vega\/#primaryimage\"},\"datePublished\":\"2021-05-12T12:18:00+00:00\",\"dateModified\":\"2021-05-12T13:22:15+00:00\",\"author\":{\"@id\":\"https:\/\/www.atlantica-radio.fr\/#\/schema\/person\/d22bddb19dd9263ae4775d169bf81933\"},\"inLanguage\":\"fr-FR\",\"potentialAction\":[{\"@type\":\"ReadAction\",\"target\":[\"https:\/\/www.atlantica-radio.fr\/meilleure-vie-le-deuxieme-album-de-jeremy-frerot-suite-a-la-separation-des-frerot-de-la-vega\/\"]}]},{\"@type\":\"Person\",\"@id\":\"https:\/\/www.atlantica-radio.fr\/#\/schema\/person\/d22bddb19dd9263ae4775d169bf81933\",\"name\":\"ema_vanden-bil\",\"image\":{\"@type\":\"ImageObject\",\"@id\":\"https:\/\/www.atlantica-radio.fr\/#personlogo\",\"inLanguage\":\"fr-FR\",\"url\":\"https:\/\/secure.gravatar.com\/avatar\/27cf21137781133a406909fe576cd34c?s=96&d=mm&r=g\",\"caption\":\"ema_vanden-bil\"}}]}<\/script>\n<!-- \/ Yoast SEO plugin. -->","_links":{"self":[{"href":"https:\/\/www.atlantica-radio.fr\/api\/wp\/v2\/posts\/5464"}],"collection":[{"href":"https:\/\/www.atlantica-radio.fr\/api\/wp\/v2\/posts"}],"about":[{"href":"https:\/\/www.atlantica-radio.fr\/api\/wp\/v2\/types\/post"}],"author":[{"embeddable":true,"href":"https:\/\/www.atlantica-radio.fr\/api\/wp\/v2\/users\/48"}],"replies":[{"embeddable":true,"href":"https:\/\/www.atlantica-radio.fr\/api\/wp\/v2\/comments?post=5464"}],"version-history":[{"count":2,"href":"https:\/\/www.atlantica-radio.fr\/api\/wp\/v2\/posts\/5464\/revisions"}],"predecessor-version":[{"id":5470,"href":"https:\/\/www.atlantica-radio.fr\/api\/wp\/v2\/posts\/5464\/revisions\/5470"}],"wp:featuredmedia":[{"embeddable":true,"href":"https:\/\/www.atlantica-radio.fr\/api\/wp\/v2\/media\/5473"}],"wp:attachment":[{"href":"https:\/\/www.atlantica-radio.fr\/api\/wp\/v2\/media?parent=5464"}],"wp:term":[{"taxonomy":"category","embeddable":true,"href":"https:\/\/www.atlantica-radio.fr\/api\/wp\/v2\/categories?post=5464"},{"taxonomy":"post_tag","embeddable":true,"href":"https:\/\/www.atlantica-radio.fr\/api\/wp\/v2\/tags?post=5464"}],"curies":[{"name":"wp","href":"https:\/\/api.w.org\/{rel}","templated":true}]}}