{"id":5452,"date":"2021-05-12T14:18:00","date_gmt":"2021-05-12T12:18:00","guid":{"rendered":"https:\/\/www.atlantica-radio.fr\/?p=5452"},"modified":"2021-05-12T15:21:14","modified_gmt":"2021-05-12T13:21:14","slug":"la-dune-du-pilat-vient-detre-mesuree","status":"publish","type":"post","link":"https:\/\/www.atlantica-radio.fr\/la-dune-du-pilat-vient-detre-mesuree\/","title":{"rendered":"La dune du Pilat vient d\u2019\u00eatre mesur\u00e9e"},"content":{"rendered":"\n<p>Chaque ann\u00e9e, les \u00e9quipes de l\u2019Observatoire de la c\u00f4te Aquitaine viennent sur le bassin d\u2019Arcachon afin de mesurer la dune du Pilat. En cette ann\u00e9e 2021, c\u2019est en d\u00e9but du mois de Mai qu\u2019ils sont venus la mesurer. Le but n\u2019est pas seulement de mesurer sa hauteur, mais il y a aussi sa longueur, sa largeur, etc. Le but \u00e9tant de suivre l\u2019\u00e9volution de ce monument naturel. Chaque ann\u00e9e, le suivi est effectu\u00e9 \u00e0 la m\u00eame p\u00e9riode et les r\u00e9sultats tombent durant l\u2019\u00e9t\u00e9. Le 15&nbsp;mai 2020, explique l\u2019Observatoire, le point culminant de la Dune a \u00e9t\u00e9 mesur\u00e9 \u00e0 102,5 m\u00e8tres, soit 3,9 m\u00e8tres de moins qu\u2019en 2019 \u00e0 la m\u00eame p\u00e9riode. Le vent \u00e9tant de la partie, la dune \u00e9volue au gr\u00e9 de l\u2019\u00e9rosion \u00e9olienne. C\u2019est ainsi que, depuis 2009 qu\u2019elle est mesur\u00e9e, elle a perdu 5,4m de hauteurs, en passant de 107,9m en 2009 \u00e0 102,5m en 2020.<\/p>\n","protected":false},"excerpt":{"rendered":"<p>Chaque ann\u00e9e, les \u00e9quipes de l\u2019Observatoire de la c\u00f4te Aquitaine viennent sur le bassin d\u2019Arcachon afin de mesurer la dune du Pilat. En cette ann\u00e9e 2021, c\u2019est en d\u00e9but du mois de Mai qu\u2019ils sont venus la mesurer. Le but n\u2019est pas seulement de mesurer sa hauteur, mais il y a aussi sa longueur, sa [&hellip;]<\/p>\n","protected":false},"author":48,"featured_media":5455,"comment_status":"closed","ping_status":"closed","sticky":false,"template":"","format":"standard","meta":[],"categories":[104],"tags":[],"yoast_head":"<!-- This site is optimized with the Yoast SEO plugin v15.7 - https:\/\/yoast.com\/wordpress\/plugins\/seo\/ -->\n<title>La dune du Pilat vient d\u2019\u00eatre mesur\u00e9e - Atlantica Radio<\/title>\n<meta name=\"robots\" content=\"index, follow, max-snippet:-1, max-image-preview:large, max-video-preview:-1\" \/>\n<link rel=\"canonical\" href=\"https:\/\/www.atlantica-radio.fr\/la-dune-du-pilat-vient-detre-mesuree\/\" \/>\n<meta property=\"og:locale\" content=\"fr_FR\" \/>\n<meta property=\"og:type\" content=\"article\" \/>\n<meta property=\"og:title\" content=\"La dune du Pilat vient d\u2019\u00eatre mesur\u00e9e - Atlantica Radio\" \/>\n<meta property=\"og:description\" content=\"Chaque ann\u00e9e, les \u00e9quipes de l\u2019Observatoire de la c\u00f4te Aquitaine viennent sur le bassin d\u2019Arcachon afin de mesurer la dune du Pilat. En cette ann\u00e9e 2021, c\u2019est en d\u00e9but du mois de Mai qu\u2019ils sont venus la mesurer. Le but n\u2019est pas seulement de mesurer sa hauteur, mais il y a aussi sa longueur, sa [&hellip;]\" \/>\n<meta property=\"og:url\" content=\"https:\/\/www.atlantica-radio.fr\/la-dune-du-pilat-vient-detre-mesuree\/\" \/>\n<meta property=\"og:site_name\" content=\"Atlantica Radio\" \/>\n<meta property=\"article:published_time\" content=\"2021-05-12T12:18:00+00:00\" \/>\n<meta property=\"article:modified_time\" content=\"2021-05-12T13:21:14+00:00\" \/>\n<meta property=\"og:image\" content=\"https:\/\/www.atlantica-radio.fr\/wp-content\/uploads\/2021\/05\/dunepilat.jpg\" \/>\n\t<meta property=\"og:image:width\" content=\"870\" \/>\n\t<meta property=\"og:image:height\" content=\"489\" \/>\n<meta name=\"twitter:card\" content=\"summary_large_image\" \/>\n<meta name=\"twitter:label1\" content=\"Dur\u00e9e de lecture est.\">\n\t<meta name=\"twitter:data1\" content=\"1 minute\">\n<script type=\"application\/ld+json\" class=\"yoast-schema-graph\">{\"@context\":\"https:\/\/schema.org\",\"@graph\":[{\"@type\":\"WebSite\",\"@id\":\"https:\/\/www.atlantica-radio.fr\/#website\",\"url\":\"https:\/\/www.atlantica-radio.fr\/\",\"name\":\"Atlantica Radio\",\"description\":\"Au coeur du bassin d&#039;Arcachon\",\"potentialAction\":[{\"@type\":\"SearchAction\",\"target\":\"https:\/\/www.atlantica-radio.fr\/?s={search_term_string}\",\"query-input\":\"required name=search_term_string\"}],\"inLanguage\":\"fr-FR\"},{\"@type\":\"ImageObject\",\"@id\":\"https:\/\/www.atlantica-radio.fr\/la-dune-du-pilat-vient-detre-mesuree\/#primaryimage\",\"inLanguage\":\"fr-FR\",\"url\":\"https:\/\/www.atlantica-radio.fr\/wp-content\/uploads\/2021\/05\/dunepilat.jpg\",\"width\":870,\"height\":489},{\"@type\":\"WebPage\",\"@id\":\"https:\/\/www.atlantica-radio.fr\/la-dune-du-pilat-vient-detre-mesuree\/#webpage\",\"url\":\"https:\/\/www.atlantica-radio.fr\/la-dune-du-pilat-vient-detre-mesuree\/\",\"name\":\"La dune du Pilat vient d\\u2019\\u00eatre mesur\\u00e9e - Atlantica Radio\",\"isPartOf\":{\"@id\":\"https:\/\/www.atlantica-radio.fr\/#website\"},\"primaryImageOfPage\":{\"@id\":\"https:\/\/www.atlantica-radio.fr\/la-dune-du-pilat-vient-detre-mesuree\/#primaryimage\"},\"datePublished\":\"2021-05-12T12:18:00+00:00\",\"dateModified\":\"2021-05-12T13:21:14+00:00\",\"author\":{\"@id\":\"https:\/\/www.atlantica-radio.fr\/#\/schema\/person\/d22bddb19dd9263ae4775d169bf81933\"},\"inLanguage\":\"fr-FR\",\"potentialAction\":[{\"@type\":\"ReadAction\",\"target\":[\"https:\/\/www.atlantica-radio.fr\/la-dune-du-pilat-vient-detre-mesuree\/\"]}]},{\"@type\":\"Person\",\"@id\":\"https:\/\/www.atlantica-radio.fr\/#\/schema\/person\/d22bddb19dd9263ae4775d169bf81933\",\"name\":\"ema_vanden-bil\",\"image\":{\"@type\":\"ImageObject\",\"@id\":\"https:\/\/www.atlantica-radio.fr\/#personlogo\",\"inLanguage\":\"fr-FR\",\"url\":\"https:\/\/secure.gravatar.com\/avatar\/27cf21137781133a406909fe576cd34c?s=96&d=mm&r=g\",\"caption\":\"ema_vanden-bil\"}}]}<\/script>\n<!-- \/ Yoast SEO plugin. -->","_links":{"self":[{"href":"https:\/\/www.atlantica-radio.fr\/api\/wp\/v2\/posts\/5452"}],"collection":[{"href":"https:\/\/www.atlantica-radio.fr\/api\/wp\/v2\/posts"}],"about":[{"href":"https:\/\/www.atlantica-radio.fr\/api\/wp\/v2\/types\/post"}],"author":[{"embeddable":true,"href":"https:\/\/www.atlantica-radio.fr\/api\/wp\/v2\/users\/48"}],"replies":[{"embeddable":true,"href":"https:\/\/www.atlantica-radio.fr\/api\/wp\/v2\/comments?post=5452"}],"version-history":[{"count":3,"href":"https:\/\/www.atlantica-radio.fr\/api\/wp\/v2\/posts\/5452\/revisions"}],"predecessor-version":[{"id":5480,"href":"https:\/\/www.atlantica-radio.fr\/api\/wp\/v2\/posts\/5452\/revisions\/5480"}],"wp:featuredmedia":[{"embeddable":true,"href":"https:\/\/www.atlantica-radio.fr\/api\/wp\/v2\/media\/5455"}],"wp:attachment":[{"href":"https:\/\/www.atlantica-radio.fr\/api\/wp\/v2\/media?parent=5452"}],"wp:term":[{"taxonomy":"category","embeddable":true,"href":"https:\/\/www.atlantica-radio.fr\/api\/wp\/v2\/categories?post=5452"},{"taxonomy":"post_tag","embeddable":true,"href":"https:\/\/www.atlantica-radio.fr\/api\/wp\/v2\/tags?post=5452"}],"curies":[{"name":"wp","href":"https:\/\/api.w.org\/{rel}","templated":true}]}}