{"id":5432,"date":"2021-05-12T15:18:00","date_gmt":"2021-05-12T13:18:00","guid":{"rendered":"https:\/\/www.atlantica-radio.fr\/?p=5432"},"modified":"2021-05-12T15:18:55","modified_gmt":"2021-05-12T13:18:55","slug":"slimane-sest-livre-quant-a-la-sortie-de-son-futur-album-en-solo","status":"publish","type":"post","link":"https:\/\/www.atlantica-radio.fr\/slimane-sest-livre-quant-a-la-sortie-de-son-futur-album-en-solo\/","title":{"rendered":"Slimane s\u2019est livr\u00e9 quant \u00e0 la sortie de son futur album en solo"},"content":{"rendered":"\n<p>Alors qu\u2019il continue de surfer sur la vague du succ\u00e8s apr\u00e8s Versus, un album sorti en 2019 en compagnie de Vitaa, qui a cartonn\u00e9 avec plus de 750.000 exemplaires vendus, le chanteur Fran\u00e7ais Slimane annonce la fin de son duo avec Vitaa parce qu\u2019ils souhaitent prendre des chemins diff\u00e9rents. Si sa tourn\u00e9e avec Vitaa n\u2019a pas encore d\u00e9but\u00e9, Slimane est d\u00e9j\u00e0 en train de penser \u00e0 la suite: un nouvel album en solo. En effet, actuellement install\u00e9 dans une sublime villa avec piscine au Maroc aux c\u00f4t\u00e9s des compositeurs&nbsp;Yaacov et Meir Salah, Slimane a d\u00e9but\u00e9 l&#8217;\u00e9criture de ses nouvelles chansons. Le premier single de l\u2019opus devrait sortir en fin d\u2019ann\u00e9e. \u00ab&nbsp;Au d\u00e9part je voulais faire un up mais une chanson a retenu l&#8217;attention de tout le monde et comme j&#8217;ai une \u00e9quipe qui a des cojones, on va y aller \u00e0 fond et c&#8217;est une ballade&nbsp;\u00bb a-t-il confi\u00e9. L\u2019artiste \u00e9voque la possibilit\u00e9 d\u2019un featuring avec le chanteur fran\u00e7ais Soprano, sans quoi \u00ab&nbsp;S&#8217;il ne le fait pas c&#8217;est simple, je ne lui parle plus ahaha&nbsp;\u00bb a-t-il dit. Un album tant attendu par les fans de Slimane, qui mettent beaucoup d\u2019espoir en ce dernier.<\/p>\n","protected":false},"excerpt":{"rendered":"<p>Alors qu\u2019il continue de surfer sur la vague du succ\u00e8s apr\u00e8s Versus, un album sorti en 2019 en compagnie de Vitaa, qui a cartonn\u00e9 avec plus de 750.000 exemplaires vendus, le chanteur Fran\u00e7ais Slimane annonce la fin de son duo avec Vitaa parce qu\u2019ils souhaitent prendre des chemins diff\u00e9rents. Si sa tourn\u00e9e avec Vitaa n\u2019a [&hellip;]<\/p>\n","protected":false},"author":48,"featured_media":5433,"comment_status":"closed","ping_status":"closed","sticky":false,"template":"","format":"standard","meta":[],"categories":[7],"tags":[],"yoast_head":"<!-- This site is optimized with the Yoast SEO plugin v15.7 - https:\/\/yoast.com\/wordpress\/plugins\/seo\/ -->\n<title>Slimane s\u2019est livr\u00e9 quant \u00e0 la sortie de son futur album en solo - Atlantica Radio<\/title>\n<meta name=\"robots\" content=\"index, follow, max-snippet:-1, max-image-preview:large, max-video-preview:-1\" \/>\n<link rel=\"canonical\" href=\"https:\/\/www.atlantica-radio.fr\/slimane-sest-livre-quant-a-la-sortie-de-son-futur-album-en-solo\/\" \/>\n<meta property=\"og:locale\" content=\"fr_FR\" \/>\n<meta property=\"og:type\" content=\"article\" \/>\n<meta property=\"og:title\" content=\"Slimane s\u2019est livr\u00e9 quant \u00e0 la sortie de son futur album en solo - Atlantica Radio\" \/>\n<meta property=\"og:description\" content=\"Alors qu\u2019il continue de surfer sur la vague du succ\u00e8s apr\u00e8s Versus, un album sorti en 2019 en compagnie de Vitaa, qui a cartonn\u00e9 avec plus de 750.000 exemplaires vendus, le chanteur Fran\u00e7ais Slimane annonce la fin de son duo avec Vitaa parce qu\u2019ils souhaitent prendre des chemins diff\u00e9rents. Si sa tourn\u00e9e avec Vitaa n\u2019a [&hellip;]\" \/>\n<meta property=\"og:url\" content=\"https:\/\/www.atlantica-radio.fr\/slimane-sest-livre-quant-a-la-sortie-de-son-futur-album-en-solo\/\" \/>\n<meta property=\"og:site_name\" content=\"Atlantica Radio\" \/>\n<meta property=\"article:published_time\" content=\"2021-05-12T13:18:00+00:00\" \/>\n<meta property=\"article:modified_time\" content=\"2021-05-12T13:18:55+00:00\" \/>\n<meta property=\"og:image\" content=\"https:\/\/www.atlantica-radio.fr\/wp-content\/uploads\/2021\/05\/slimane.jpg\" \/>\n\t<meta property=\"og:image:width\" content=\"900\" \/>\n\t<meta property=\"og:image:height\" content=\"900\" \/>\n<meta name=\"twitter:card\" content=\"summary_large_image\" \/>\n<meta name=\"twitter:label1\" content=\"Dur\u00e9e de lecture est.\">\n\t<meta name=\"twitter:data1\" content=\"1 minute\">\n<script type=\"application\/ld+json\" class=\"yoast-schema-graph\">{\"@context\":\"https:\/\/schema.org\",\"@graph\":[{\"@type\":\"WebSite\",\"@id\":\"https:\/\/www.atlantica-radio.fr\/#website\",\"url\":\"https:\/\/www.atlantica-radio.fr\/\",\"name\":\"Atlantica Radio\",\"description\":\"Au coeur du bassin d&#039;Arcachon\",\"potentialAction\":[{\"@type\":\"SearchAction\",\"target\":\"https:\/\/www.atlantica-radio.fr\/?s={search_term_string}\",\"query-input\":\"required name=search_term_string\"}],\"inLanguage\":\"fr-FR\"},{\"@type\":\"ImageObject\",\"@id\":\"https:\/\/www.atlantica-radio.fr\/slimane-sest-livre-quant-a-la-sortie-de-son-futur-album-en-solo\/#primaryimage\",\"inLanguage\":\"fr-FR\",\"url\":\"https:\/\/www.atlantica-radio.fr\/wp-content\/uploads\/2021\/05\/slimane.jpg\",\"width\":900,\"height\":900},{\"@type\":\"WebPage\",\"@id\":\"https:\/\/www.atlantica-radio.fr\/slimane-sest-livre-quant-a-la-sortie-de-son-futur-album-en-solo\/#webpage\",\"url\":\"https:\/\/www.atlantica-radio.fr\/slimane-sest-livre-quant-a-la-sortie-de-son-futur-album-en-solo\/\",\"name\":\"Slimane s\\u2019est livr\\u00e9 quant \\u00e0 la sortie de son futur album en solo - Atlantica Radio\",\"isPartOf\":{\"@id\":\"https:\/\/www.atlantica-radio.fr\/#website\"},\"primaryImageOfPage\":{\"@id\":\"https:\/\/www.atlantica-radio.fr\/slimane-sest-livre-quant-a-la-sortie-de-son-futur-album-en-solo\/#primaryimage\"},\"datePublished\":\"2021-05-12T13:18:00+00:00\",\"dateModified\":\"2021-05-12T13:18:55+00:00\",\"author\":{\"@id\":\"https:\/\/www.atlantica-radio.fr\/#\/schema\/person\/d22bddb19dd9263ae4775d169bf81933\"},\"inLanguage\":\"fr-FR\",\"potentialAction\":[{\"@type\":\"ReadAction\",\"target\":[\"https:\/\/www.atlantica-radio.fr\/slimane-sest-livre-quant-a-la-sortie-de-son-futur-album-en-solo\/\"]}]},{\"@type\":\"Person\",\"@id\":\"https:\/\/www.atlantica-radio.fr\/#\/schema\/person\/d22bddb19dd9263ae4775d169bf81933\",\"name\":\"ema_vanden-bil\",\"image\":{\"@type\":\"ImageObject\",\"@id\":\"https:\/\/www.atlantica-radio.fr\/#personlogo\",\"inLanguage\":\"fr-FR\",\"url\":\"https:\/\/secure.gravatar.com\/avatar\/27cf21137781133a406909fe576cd34c?s=96&d=mm&r=g\",\"caption\":\"ema_vanden-bil\"}}]}<\/script>\n<!-- \/ Yoast SEO plugin. -->","_links":{"self":[{"href":"https:\/\/www.atlantica-radio.fr\/api\/wp\/v2\/posts\/5432"}],"collection":[{"href":"https:\/\/www.atlantica-radio.fr\/api\/wp\/v2\/posts"}],"about":[{"href":"https:\/\/www.atlantica-radio.fr\/api\/wp\/v2\/types\/post"}],"author":[{"embeddable":true,"href":"https:\/\/www.atlantica-radio.fr\/api\/wp\/v2\/users\/48"}],"replies":[{"embeddable":true,"href":"https:\/\/www.atlantica-radio.fr\/api\/wp\/v2\/comments?post=5432"}],"version-history":[{"count":3,"href":"https:\/\/www.atlantica-radio.fr\/api\/wp\/v2\/posts\/5432\/revisions"}],"predecessor-version":[{"id":5485,"href":"https:\/\/www.atlantica-radio.fr\/api\/wp\/v2\/posts\/5432\/revisions\/5485"}],"wp:featuredmedia":[{"embeddable":true,"href":"https:\/\/www.atlantica-radio.fr\/api\/wp\/v2\/media\/5433"}],"wp:attachment":[{"href":"https:\/\/www.atlantica-radio.fr\/api\/wp\/v2\/media?parent=5432"}],"wp:term":[{"taxonomy":"category","embeddable":true,"href":"https:\/\/www.atlantica-radio.fr\/api\/wp\/v2\/categories?post=5432"},{"taxonomy":"post_tag","embeddable":true,"href":"https:\/\/www.atlantica-radio.fr\/api\/wp\/v2\/tags?post=5432"}],"curies":[{"name":"wp","href":"https:\/\/api.w.org\/{rel}","templated":true}]}}