{"id":5428,"date":"2021-05-12T14:19:11","date_gmt":"2021-05-12T12:19:11","guid":{"rendered":"https:\/\/www.atlantica-radio.fr\/?p=5428"},"modified":"2021-05-12T14:51:51","modified_gmt":"2021-05-12T12:51:51","slug":"vianney-bientot-papa-performe-sur-le-plateau-de-the-voice-en-compagnie-de-sa-femme","status":"publish","type":"post","link":"https:\/\/www.atlantica-radio.fr\/vianney-bientot-papa-performe-sur-le-plateau-de-the-voice-en-compagnie-de-sa-femme\/","title":{"rendered":"Vianney, bient\u00f4t papa, performe sur le plateau de The Voice en compagnie de sa femme"},"content":{"rendered":"\n<p>Vianney, un des chanteurs Fran\u00e7ais les plus appr\u00e9ci\u00e9s, int\u00e8gre le rang de coach vocal de The Voice lors de la dixi\u00e8me \u00e9dition de l\u2019\u00e9mission. \u00c0 ses c\u00f4t\u00e9s, il trouvera Florent Pagny, Amel Bent, et Marc Lavoine. Samedi 8 mai, lors du Late Show de la demi-finale de The Voice, Vianney a interpr\u00e9t\u00e9 sa nouvelle chanson, sortie le 6 novembre 2021, \u00ab\u00a0Beau papa\u00a0\u00bb avec beaucoup d\u2019\u00e9motion. Chanson d\u00e9di\u00e9e \u00e0 sa belle-fille. \u00c0 ses c\u00f4t\u00e9s, sa femme, avec qui il partage sa vie depuis maintenant 4 ans, l\u2019accompagnait au violoncelle. En plus d\u2019\u00eatre un beau-p\u00e8re et un \u00e9poux, Vianney se dirige vers la route de la paternit\u00e9. Une annonce que craignaient les fans du chanteur se souvenant de ces paroles : \u00ab\u00a0Je sais que le jour o\u00f9 j\u2019aurai des enfants, je n\u2019aurai pas envie de tenir ce rythme-l\u00e0, d\u2019une vie de chanteur.\u00a0Donc il faudra juste que je trouve des \u00e9quilibres pour continuer \u00e0 \u00eatre heureux en faisant des choses que j\u2019aime, mais en ayant assez de temps et de pr\u00e9sence pour les gens que j\u2019aime.\u00a0\u00bb<\/p>\n","protected":false},"excerpt":{"rendered":"<p>Vianney, un des chanteurs Fran\u00e7ais les plus appr\u00e9ci\u00e9s, int\u00e8gre le rang de coach vocal de The Voice lors de la dixi\u00e8me \u00e9dition de l\u2019\u00e9mission. \u00c0 ses c\u00f4t\u00e9s, il trouvera Florent Pagny, Amel Bent, et Marc Lavoine. Samedi 8 mai, lors du Late Show de la demi-finale de The Voice, Vianney a interpr\u00e9t\u00e9 sa nouvelle chanson, [&hellip;]<\/p>\n","protected":false},"author":48,"featured_media":5429,"comment_status":"closed","ping_status":"closed","sticky":false,"template":"","format":"standard","meta":[],"categories":[7],"tags":[],"yoast_head":"<!-- This site is optimized with the Yoast SEO plugin v15.7 - https:\/\/yoast.com\/wordpress\/plugins\/seo\/ -->\n<title>Vianney, bient\u00f4t papa, performe sur le plateau de The Voice en compagnie de sa femme - Atlantica Radio<\/title>\n<meta name=\"robots\" content=\"index, follow, max-snippet:-1, max-image-preview:large, max-video-preview:-1\" \/>\n<link rel=\"canonical\" href=\"https:\/\/www.atlantica-radio.fr\/vianney-bientot-papa-performe-sur-le-plateau-de-the-voice-en-compagnie-de-sa-femme\/\" \/>\n<meta property=\"og:locale\" content=\"fr_FR\" \/>\n<meta property=\"og:type\" content=\"article\" \/>\n<meta property=\"og:title\" content=\"Vianney, bient\u00f4t papa, performe sur le plateau de The Voice en compagnie de sa femme - Atlantica Radio\" \/>\n<meta property=\"og:description\" content=\"Vianney, un des chanteurs Fran\u00e7ais les plus appr\u00e9ci\u00e9s, int\u00e8gre le rang de coach vocal de The Voice lors de la dixi\u00e8me \u00e9dition de l\u2019\u00e9mission. \u00c0 ses c\u00f4t\u00e9s, il trouvera Florent Pagny, Amel Bent, et Marc Lavoine. Samedi 8 mai, lors du Late Show de la demi-finale de The Voice, Vianney a interpr\u00e9t\u00e9 sa nouvelle chanson, [&hellip;]\" \/>\n<meta property=\"og:url\" content=\"https:\/\/www.atlantica-radio.fr\/vianney-bientot-papa-performe-sur-le-plateau-de-the-voice-en-compagnie-de-sa-femme\/\" \/>\n<meta property=\"og:site_name\" content=\"Atlantica Radio\" \/>\n<meta property=\"article:published_time\" content=\"2021-05-12T12:19:11+00:00\" \/>\n<meta property=\"article:modified_time\" content=\"2021-05-12T12:51:51+00:00\" \/>\n<meta property=\"og:image\" content=\"https:\/\/www.atlantica-radio.fr\/wp-content\/uploads\/2021\/05\/vianney.jpg\" \/>\n\t<meta property=\"og:image:width\" content=\"900\" \/>\n\t<meta property=\"og:image:height\" content=\"900\" \/>\n<meta name=\"twitter:card\" content=\"summary_large_image\" \/>\n<meta name=\"twitter:label1\" content=\"Dur\u00e9e de lecture est.\">\n\t<meta name=\"twitter:data1\" content=\"1 minute\">\n<script type=\"application\/ld+json\" class=\"yoast-schema-graph\">{\"@context\":\"https:\/\/schema.org\",\"@graph\":[{\"@type\":\"WebSite\",\"@id\":\"https:\/\/www.atlantica-radio.fr\/#website\",\"url\":\"https:\/\/www.atlantica-radio.fr\/\",\"name\":\"Atlantica Radio\",\"description\":\"Au coeur du bassin d&#039;Arcachon\",\"potentialAction\":[{\"@type\":\"SearchAction\",\"target\":\"https:\/\/www.atlantica-radio.fr\/?s={search_term_string}\",\"query-input\":\"required name=search_term_string\"}],\"inLanguage\":\"fr-FR\"},{\"@type\":\"ImageObject\",\"@id\":\"https:\/\/www.atlantica-radio.fr\/vianney-bientot-papa-performe-sur-le-plateau-de-the-voice-en-compagnie-de-sa-femme\/#primaryimage\",\"inLanguage\":\"fr-FR\",\"url\":\"https:\/\/www.atlantica-radio.fr\/wp-content\/uploads\/2021\/05\/vianney.jpg\",\"width\":900,\"height\":900},{\"@type\":\"WebPage\",\"@id\":\"https:\/\/www.atlantica-radio.fr\/vianney-bientot-papa-performe-sur-le-plateau-de-the-voice-en-compagnie-de-sa-femme\/#webpage\",\"url\":\"https:\/\/www.atlantica-radio.fr\/vianney-bientot-papa-performe-sur-le-plateau-de-the-voice-en-compagnie-de-sa-femme\/\",\"name\":\"Vianney, bient\\u00f4t papa, performe sur le plateau de The Voice en compagnie de sa femme - Atlantica Radio\",\"isPartOf\":{\"@id\":\"https:\/\/www.atlantica-radio.fr\/#website\"},\"primaryImageOfPage\":{\"@id\":\"https:\/\/www.atlantica-radio.fr\/vianney-bientot-papa-performe-sur-le-plateau-de-the-voice-en-compagnie-de-sa-femme\/#primaryimage\"},\"datePublished\":\"2021-05-12T12:19:11+00:00\",\"dateModified\":\"2021-05-12T12:51:51+00:00\",\"author\":{\"@id\":\"https:\/\/www.atlantica-radio.fr\/#\/schema\/person\/c165c70c75d4c1f359531d44368d8688\"},\"inLanguage\":\"fr-FR\",\"potentialAction\":[{\"@type\":\"ReadAction\",\"target\":[\"https:\/\/www.atlantica-radio.fr\/vianney-bientot-papa-performe-sur-le-plateau-de-the-voice-en-compagnie-de-sa-femme\/\"]}]},{\"@type\":\"Person\",\"@id\":\"https:\/\/www.atlantica-radio.fr\/#\/schema\/person\/c165c70c75d4c1f359531d44368d8688\",\"name\":\"ema_vanden-bil\",\"image\":{\"@type\":\"ImageObject\",\"@id\":\"https:\/\/www.atlantica-radio.fr\/#personlogo\",\"inLanguage\":\"fr-FR\",\"url\":\"https:\/\/secure.gravatar.com\/avatar\/27cf21137781133a406909fe576cd34c?s=96&d=mm&r=g\",\"caption\":\"ema_vanden-bil\"}}]}<\/script>\n<!-- \/ Yoast SEO plugin. -->","_links":{"self":[{"href":"https:\/\/www.atlantica-radio.fr\/api\/wp\/v2\/posts\/5428"}],"collection":[{"href":"https:\/\/www.atlantica-radio.fr\/api\/wp\/v2\/posts"}],"about":[{"href":"https:\/\/www.atlantica-radio.fr\/api\/wp\/v2\/types\/post"}],"author":[{"embeddable":true,"href":"https:\/\/www.atlantica-radio.fr\/api\/wp\/v2\/users\/48"}],"replies":[{"embeddable":true,"href":"https:\/\/www.atlantica-radio.fr\/api\/wp\/v2\/comments?post=5428"}],"version-history":[{"count":2,"href":"https:\/\/www.atlantica-radio.fr\/api\/wp\/v2\/posts\/5428\/revisions"}],"predecessor-version":[{"id":5479,"href":"https:\/\/www.atlantica-radio.fr\/api\/wp\/v2\/posts\/5428\/revisions\/5479"}],"wp:featuredmedia":[{"embeddable":true,"href":"https:\/\/www.atlantica-radio.fr\/api\/wp\/v2\/media\/5429"}],"wp:attachment":[{"href":"https:\/\/www.atlantica-radio.fr\/api\/wp\/v2\/media?parent=5428"}],"wp:term":[{"taxonomy":"category","embeddable":true,"href":"https:\/\/www.atlantica-radio.fr\/api\/wp\/v2\/categories?post=5428"},{"taxonomy":"post_tag","embeddable":true,"href":"https:\/\/www.atlantica-radio.fr\/api\/wp\/v2\/tags?post=5428"}],"curies":[{"name":"wp","href":"https:\/\/api.w.org\/{rel}","templated":true}]}}