{"id":5383,"date":"2021-03-10T11:17:00","date_gmt":"2021-03-10T10:17:00","guid":{"rendered":"https:\/\/www.atlantica-radio.fr\/?p=5383"},"modified":"2020-12-10T11:20:14","modified_gmt":"2020-12-10T10:20:14","slug":"le-grand-retour-dadele","status":"publish","type":"post","link":"https:\/\/www.atlantica-radio.fr\/le-grand-retour-dadele\/","title":{"rendered":"Le grand retour d\u2019Ad\u00e8le ?"},"content":{"rendered":"\n<p>\u00a0Le quatri\u00e8me album d\u2019Adele fait certainement partie des albums les plus anticip\u00e9s de 2021, aux c\u00f4t\u00e9s du neuvi\u00e8me opus de Rihanna. 25, son dernier album est sorti il y a 5 ans et nous croyions dur comme fer que 2020 signerait le retour d\u2019Adele, mais la pand\u00e9mie en a d\u00e9cid\u00e9 autrement. D\u00e8s 2019, il semblerait qu\u2019Ad\u00e8le ait dit \u00e0 un client d\u2019un drag-bar de New York qu\u2019elle travaillait sur son nouvel album et on sait \u00e9galement qu\u2019elle a \u00e9t\u00e9 en studio avec John Legend et Raphael Saadiq. Lors du mariage d\u2019amis \u00e0 elle en f\u00e9vrier 2020, Adele a annonc\u00e9 aux invit\u00e9s que son album devrait \u00eatre pr\u00eat pour septembre 2020, mais depuis, le Covid-19 s\u2019est invit\u00e9 dans notre vie. En juin, son manager Jonathan Dickins a d\u00e9clar\u00e9 au magazine professionnel britannique Music Week que l\u2019album avait \u00e9t\u00e9 report\u00e9 jusqu\u2019\u00e0 nouvel ordre, et qu\u2019il serait pr\u00eat au moment voulu. Le m\u00eame mois, Adele r\u00e9pondait sur Instagram \u00e0 un fan impatient que son album ne sortirait \u00e9videmment pas : \u00ab\u2009Le coronavirus n\u2019est pas termin\u00e9, je suis en quarantaine, portez un masque et soyez patient\u2009\u00bb. De nombreux fans se sont pris \u00e0 r\u00eaver lorsque la chanteuse de Hello a annonc\u00e9 qu\u2019elle ferait une apparition dans l\u2019\u00e9mission Saturday Night Live au mois d\u2019octobre \u2014 cette pr\u00e9sence ne pouvant signifier que la sortie d\u2019un album. Mais ce fut une v\u00e9ritable douche froide lorsqu\u2019elle annon\u00e7a au public que son album n\u2019\u00e9tait pas encore termin\u00e9. M\u00eame si ce post Instagram confirme qu\u2019elle ne reviendra pas avant 2021, nous ne serions pas \u00e9tonn\u00e9s qu\u2019Adele nous r\u00e9serve une surprise pour No\u00ebl. Voil\u00e0 des raisons d\u2019esp\u00e9rer.<\/p>\n","protected":false},"excerpt":{"rendered":"<p>\u00a0Le quatri\u00e8me album d\u2019Adele fait certainement partie des albums les plus anticip\u00e9s de 2021, aux c\u00f4t\u00e9s du neuvi\u00e8me opus de Rihanna. 25, son dernier album est sorti il y a 5 ans et nous croyions dur comme fer que 2020 signerait le retour d\u2019Adele, mais la pand\u00e9mie en a d\u00e9cid\u00e9 autrement. D\u00e8s 2019, il semblerait [&hellip;]<\/p>\n","protected":false},"author":47,"featured_media":5384,"comment_status":"open","ping_status":"open","sticky":false,"template":"","format":"standard","meta":[],"categories":[7],"tags":[347,348,136],"yoast_head":"<!-- This site is optimized with the Yoast SEO plugin v15.7 - https:\/\/yoast.com\/wordpress\/plugins\/seo\/ -->\n<title>Le grand retour d\u2019Ad\u00e8le ? - Atlantica Radio<\/title>\n<meta name=\"robots\" content=\"index, follow, max-snippet:-1, max-image-preview:large, max-video-preview:-1\" \/>\n<link rel=\"canonical\" href=\"https:\/\/www.atlantica-radio.fr\/le-grand-retour-dadele\/\" \/>\n<meta property=\"og:locale\" content=\"fr_FR\" \/>\n<meta property=\"og:type\" content=\"article\" \/>\n<meta property=\"og:title\" content=\"Le grand retour d\u2019Ad\u00e8le ? - Atlantica Radio\" \/>\n<meta property=\"og:description\" content=\"\u00a0Le quatri\u00e8me album d\u2019Adele fait certainement partie des albums les plus anticip\u00e9s de 2021, aux c\u00f4t\u00e9s du neuvi\u00e8me opus de Rihanna. 25, son dernier album est sorti il y a 5 ans et nous croyions dur comme fer que 2020 signerait le retour d\u2019Adele, mais la pand\u00e9mie en a d\u00e9cid\u00e9 autrement. D\u00e8s 2019, il semblerait [&hellip;]\" \/>\n<meta property=\"og:url\" content=\"https:\/\/www.atlantica-radio.fr\/le-grand-retour-dadele\/\" \/>\n<meta property=\"og:site_name\" content=\"Atlantica Radio\" \/>\n<meta property=\"article:published_time\" content=\"2021-03-10T10:17:00+00:00\" \/>\n<meta property=\"article:modified_time\" content=\"2020-12-10T10:20:14+00:00\" \/>\n<meta property=\"og:image\" content=\"https:\/\/www.atlantica-radio.fr\/wp-content\/uploads\/2020\/12\/te\u0301le\u0301chargement-2.jpeg\" \/>\n\t<meta property=\"og:image:width\" content=\"348\" \/>\n\t<meta property=\"og:image:height\" content=\"145\" \/>\n<meta name=\"twitter:card\" content=\"summary_large_image\" \/>\n<meta name=\"twitter:label1\" content=\"Dur\u00e9e de lecture est.\">\n\t<meta name=\"twitter:data1\" content=\"1 minute\">\n<script type=\"application\/ld+json\" class=\"yoast-schema-graph\">{\"@context\":\"https:\/\/schema.org\",\"@graph\":[{\"@type\":\"WebSite\",\"@id\":\"https:\/\/www.atlantica-radio.fr\/#website\",\"url\":\"https:\/\/www.atlantica-radio.fr\/\",\"name\":\"Atlantica Radio\",\"description\":\"Au coeur du bassin d&#039;Arcachon\",\"potentialAction\":[{\"@type\":\"SearchAction\",\"target\":\"https:\/\/www.atlantica-radio.fr\/?s={search_term_string}\",\"query-input\":\"required name=search_term_string\"}],\"inLanguage\":\"fr-FR\"},{\"@type\":\"ImageObject\",\"@id\":\"https:\/\/www.atlantica-radio.fr\/le-grand-retour-dadele\/#primaryimage\",\"inLanguage\":\"fr-FR\",\"url\":\"https:\/\/www.atlantica-radio.fr\/wp-content\/uploads\/2020\/12\/te\\u0301le\\u0301chargement-2.jpeg\",\"width\":348,\"height\":145},{\"@type\":\"WebPage\",\"@id\":\"https:\/\/www.atlantica-radio.fr\/le-grand-retour-dadele\/#webpage\",\"url\":\"https:\/\/www.atlantica-radio.fr\/le-grand-retour-dadele\/\",\"name\":\"Le grand retour d\\u2019Ad\\u00e8le ? - Atlantica Radio\",\"isPartOf\":{\"@id\":\"https:\/\/www.atlantica-radio.fr\/#website\"},\"primaryImageOfPage\":{\"@id\":\"https:\/\/www.atlantica-radio.fr\/le-grand-retour-dadele\/#primaryimage\"},\"datePublished\":\"2021-03-10T10:17:00+00:00\",\"dateModified\":\"2020-12-10T10:20:14+00:00\",\"author\":{\"@id\":\"https:\/\/www.atlantica-radio.fr\/#\/schema\/person\/a6955d85dbadf630d90da024dd4cee5a\"},\"inLanguage\":\"fr-FR\",\"potentialAction\":[{\"@type\":\"ReadAction\",\"target\":[\"https:\/\/www.atlantica-radio.fr\/le-grand-retour-dadele\/\"]}]},{\"@type\":\"Person\",\"@id\":\"https:\/\/www.atlantica-radio.fr\/#\/schema\/person\/a6955d85dbadf630d90da024dd4cee5a\",\"name\":\"Mathilde Noailles\",\"image\":{\"@type\":\"ImageObject\",\"@id\":\"https:\/\/www.atlantica-radio.fr\/#personlogo\",\"inLanguage\":\"fr-FR\",\"url\":\"https:\/\/secure.gravatar.com\/avatar\/7754c45b4ce14be2e300367d7c26628d?s=96&d=mm&r=g\",\"caption\":\"Mathilde Noailles\"}}]}<\/script>\n<!-- \/ Yoast SEO plugin. -->","_links":{"self":[{"href":"https:\/\/www.atlantica-radio.fr\/api\/wp\/v2\/posts\/5383"}],"collection":[{"href":"https:\/\/www.atlantica-radio.fr\/api\/wp\/v2\/posts"}],"about":[{"href":"https:\/\/www.atlantica-radio.fr\/api\/wp\/v2\/types\/post"}],"author":[{"embeddable":true,"href":"https:\/\/www.atlantica-radio.fr\/api\/wp\/v2\/users\/47"}],"replies":[{"embeddable":true,"href":"https:\/\/www.atlantica-radio.fr\/api\/wp\/v2\/comments?post=5383"}],"version-history":[{"count":1,"href":"https:\/\/www.atlantica-radio.fr\/api\/wp\/v2\/posts\/5383\/revisions"}],"predecessor-version":[{"id":5385,"href":"https:\/\/www.atlantica-radio.fr\/api\/wp\/v2\/posts\/5383\/revisions\/5385"}],"wp:featuredmedia":[{"embeddable":true,"href":"https:\/\/www.atlantica-radio.fr\/api\/wp\/v2\/media\/5384"}],"wp:attachment":[{"href":"https:\/\/www.atlantica-radio.fr\/api\/wp\/v2\/media?parent=5383"}],"wp:term":[{"taxonomy":"category","embeddable":true,"href":"https:\/\/www.atlantica-radio.fr\/api\/wp\/v2\/categories?post=5383"},{"taxonomy":"post_tag","embeddable":true,"href":"https:\/\/www.atlantica-radio.fr\/api\/wp\/v2\/tags?post=5383"}],"curies":[{"name":"wp","href":"https:\/\/api.w.org\/{rel}","templated":true}]}}