{"id":5069,"date":"2018-10-26T15:33:50","date_gmt":"2018-10-26T13:33:50","guid":{"rendered":"http:\/\/www.atlantica-radio.fr\/?p=5069"},"modified":"2018-10-26T15:46:51","modified_gmt":"2018-10-26T13:46:51","slug":"10eme-edition-de-cabanes-en-fete-a-andernos","status":"publish","type":"post","link":"https:\/\/www.atlantica-radio.fr\/10eme-edition-de-cabanes-en-fete-a-andernos\/","title":{"rendered":"10\u00e8me \u00e9dition de Cabanes en F\u00eate \u00e0 Andernos"},"content":{"rendered":"<p>Samedi 1er d\u00e9cembre 2018, tout le long de la journ\u00e9e, huitres, tapas de la mer et vin blanc de l\u2019Entre deux Mers seront d\u00e9gust\u00e9s avec gourmandise dans les 45 cabanes dans une ambiance festive avec bandas et chants marins.<!--more--><\/p>\n<p>Cabanes en f\u00eate c\u2019est aussi des animations, des concerts sur les sc\u00e8nes et sur les quais. En bref : une bien belle journ\u00e9e pour tous \u00ab les aficionados \u00bb de Cabanes en f\u00eate \u00e0 l\u2019occasion de ce dixi\u00e8me anniversaire !<\/p>\n<p><img loading=\"lazy\" class=\"alignnone size-full wp-image-5071\" src=\"http:\/\/www.atlantica-radio.fr\/wp-content\/uploads\/2018\/10\/73B56920-5635-424C-9A0D-CEDBE8D05ED4.jpeg\" alt=\"\" width=\"1754\" height=\"1240\" srcset=\"https:\/\/www.atlantica-radio.fr\/wp-content\/uploads\/2018\/10\/73B56920-5635-424C-9A0D-CEDBE8D05ED4.jpeg 1754w, https:\/\/www.atlantica-radio.fr\/wp-content\/uploads\/2018\/10\/73B56920-5635-424C-9A0D-CEDBE8D05ED4-300x212.jpeg 300w, https:\/\/www.atlantica-radio.fr\/wp-content\/uploads\/2018\/10\/73B56920-5635-424C-9A0D-CEDBE8D05ED4-768x543.jpeg 768w, https:\/\/www.atlantica-radio.fr\/wp-content\/uploads\/2018\/10\/73B56920-5635-424C-9A0D-CEDBE8D05ED4-1024x724.jpeg 1024w\" sizes=\"(max-width: 1754px) 100vw, 1754px\" \/><\/p>\n","protected":false},"excerpt":{"rendered":"<p>Samedi 1er d\u00e9cembre 2018, tout le long de la journ\u00e9e, huitres, tapas de la mer et vin blanc de l\u2019Entre deux Mers seront d\u00e9gust\u00e9s avec gourmandise dans les 45 cabanes dans une ambiance festive avec bandas et chants marins.<\/p>\n","protected":false},"author":3,"featured_media":5070,"comment_status":"open","ping_status":"open","sticky":false,"template":"","format":"standard","meta":[],"categories":[104],"tags":[275,276,278,277],"yoast_head":"<!-- This site is optimized with the Yoast SEO plugin v15.7 - https:\/\/yoast.com\/wordpress\/plugins\/seo\/ -->\n<title>10\u00e8me \u00e9dition de Cabanes en F\u00eate \u00e0 Andernos - Atlantica Radio<\/title>\n<meta name=\"robots\" content=\"index, follow, max-snippet:-1, max-image-preview:large, max-video-preview:-1\" \/>\n<link rel=\"canonical\" href=\"https:\/\/www.atlantica-radio.fr\/10eme-edition-de-cabanes-en-fete-a-andernos\/\" \/>\n<meta property=\"og:locale\" content=\"fr_FR\" \/>\n<meta property=\"og:type\" content=\"article\" \/>\n<meta property=\"og:title\" content=\"10\u00e8me \u00e9dition de Cabanes en F\u00eate \u00e0 Andernos - Atlantica Radio\" \/>\n<meta property=\"og:description\" content=\"Samedi 1er d\u00e9cembre 2018, tout le long de la journ\u00e9e, huitres, tapas de la mer et vin blanc de l\u2019Entre deux Mers seront d\u00e9gust\u00e9s avec gourmandise dans les 45 cabanes dans une ambiance festive avec bandas et chants marins.\" \/>\n<meta property=\"og:url\" content=\"https:\/\/www.atlantica-radio.fr\/10eme-edition-de-cabanes-en-fete-a-andernos\/\" \/>\n<meta property=\"og:site_name\" content=\"Atlantica Radio\" \/>\n<meta property=\"article:published_time\" content=\"2018-10-26T13:33:50+00:00\" \/>\n<meta property=\"article:modified_time\" content=\"2018-10-26T13:46:51+00:00\" \/>\n<meta property=\"og:image\" content=\"https:\/\/www.atlantica-radio.fr\/wp-content\/uploads\/2018\/10\/04FFB324-9799-4F80-8367-36576345435F.jpeg\" \/>\n\t<meta property=\"og:image:width\" content=\"1205\" \/>\n\t<meta property=\"og:image:height\" content=\"1796\" \/>\n<meta name=\"twitter:card\" content=\"summary_large_image\" \/>\n<script type=\"application\/ld+json\" class=\"yoast-schema-graph\">{\"@context\":\"https:\/\/schema.org\",\"@graph\":[{\"@type\":\"WebSite\",\"@id\":\"https:\/\/www.atlantica-radio.fr\/#website\",\"url\":\"https:\/\/www.atlantica-radio.fr\/\",\"name\":\"Atlantica Radio\",\"description\":\"Au coeur du bassin d&#039;Arcachon\",\"potentialAction\":[{\"@type\":\"SearchAction\",\"target\":\"https:\/\/www.atlantica-radio.fr\/?s={search_term_string}\",\"query-input\":\"required name=search_term_string\"}],\"inLanguage\":\"fr-FR\"},{\"@type\":\"ImageObject\",\"@id\":\"https:\/\/www.atlantica-radio.fr\/10eme-edition-de-cabanes-en-fete-a-andernos\/#primaryimage\",\"inLanguage\":\"fr-FR\",\"url\":\"https:\/\/www.atlantica-radio.fr\/wp-content\/uploads\/2018\/10\/04FFB324-9799-4F80-8367-36576345435F.jpeg\",\"width\":1205,\"height\":1796},{\"@type\":\"WebPage\",\"@id\":\"https:\/\/www.atlantica-radio.fr\/10eme-edition-de-cabanes-en-fete-a-andernos\/#webpage\",\"url\":\"https:\/\/www.atlantica-radio.fr\/10eme-edition-de-cabanes-en-fete-a-andernos\/\",\"name\":\"10\\u00e8me \\u00e9dition de Cabanes en F\\u00eate \\u00e0 Andernos - Atlantica Radio\",\"isPartOf\":{\"@id\":\"https:\/\/www.atlantica-radio.fr\/#website\"},\"primaryImageOfPage\":{\"@id\":\"https:\/\/www.atlantica-radio.fr\/10eme-edition-de-cabanes-en-fete-a-andernos\/#primaryimage\"},\"datePublished\":\"2018-10-26T13:33:50+00:00\",\"dateModified\":\"2018-10-26T13:46:51+00:00\",\"author\":{\"@id\":\"https:\/\/www.atlantica-radio.fr\/#\/schema\/person\/55c794eb2a8b35e563d61f210eabccc3\"},\"inLanguage\":\"fr-FR\",\"potentialAction\":[{\"@type\":\"ReadAction\",\"target\":[\"https:\/\/www.atlantica-radio.fr\/10eme-edition-de-cabanes-en-fete-a-andernos\/\"]}]},{\"@type\":\"Person\",\"@id\":\"https:\/\/www.atlantica-radio.fr\/#\/schema\/person\/55c794eb2a8b35e563d61f210eabccc3\",\"name\":\"K\\u00e9vin Brustis\",\"image\":{\"@type\":\"ImageObject\",\"@id\":\"https:\/\/www.atlantica-radio.fr\/#personlogo\",\"inLanguage\":\"fr-FR\",\"url\":\"https:\/\/secure.gravatar.com\/avatar\/1a053e366c240866239aed30aec39ae0?s=96&d=mm&r=g\",\"caption\":\"K\\u00e9vin Brustis\"},\"sameAs\":[\"http:\/\/www.atlantica-radio.fr\"]}]}<\/script>\n<!-- \/ Yoast SEO plugin. -->","_links":{"self":[{"href":"https:\/\/www.atlantica-radio.fr\/api\/wp\/v2\/posts\/5069"}],"collection":[{"href":"https:\/\/www.atlantica-radio.fr\/api\/wp\/v2\/posts"}],"about":[{"href":"https:\/\/www.atlantica-radio.fr\/api\/wp\/v2\/types\/post"}],"author":[{"embeddable":true,"href":"https:\/\/www.atlantica-radio.fr\/api\/wp\/v2\/users\/3"}],"replies":[{"embeddable":true,"href":"https:\/\/www.atlantica-radio.fr\/api\/wp\/v2\/comments?post=5069"}],"version-history":[{"count":2,"href":"https:\/\/www.atlantica-radio.fr\/api\/wp\/v2\/posts\/5069\/revisions"}],"predecessor-version":[{"id":5073,"href":"https:\/\/www.atlantica-radio.fr\/api\/wp\/v2\/posts\/5069\/revisions\/5073"}],"wp:featuredmedia":[{"embeddable":true,"href":"https:\/\/www.atlantica-radio.fr\/api\/wp\/v2\/media\/5070"}],"wp:attachment":[{"href":"https:\/\/www.atlantica-radio.fr\/api\/wp\/v2\/media?parent=5069"}],"wp:term":[{"taxonomy":"category","embeddable":true,"href":"https:\/\/www.atlantica-radio.fr\/api\/wp\/v2\/categories?post=5069"},{"taxonomy":"post_tag","embeddable":true,"href":"https:\/\/www.atlantica-radio.fr\/api\/wp\/v2\/tags?post=5069"}],"curies":[{"name":"wp","href":"https:\/\/api.w.org\/{rel}","templated":true}]}}