{"id":5025,"date":"2018-10-18T15:00:16","date_gmt":"2018-10-18T13:00:16","guid":{"rendered":"http:\/\/www.atlantica-radio.fr\/?p=5025"},"modified":"2018-10-18T15:01:03","modified_gmt":"2018-10-18T13:01:03","slug":"moissanstabac-en-octobre-on-se-prepare-en-novembre-on-arrete-ensemble","status":"publish","type":"post","link":"https:\/\/www.atlantica-radio.fr\/moissanstabac-en-octobre-on-se-prepare-en-novembre-on-arrete-ensemble\/","title":{"rendered":"#MoisSansTabac : en octobre on se pr\u00e9pare, en novembre on arr\u00eate ensemble"},"content":{"rendered":"<p>Entre 2016 et 2017, le tabagisme a baiss\u00e9 de mani\u00e8re historique en France : 1 million de fumeurs quotidiens en moins, notamment chez les fumeurs en situation de pr\u00e9carit\u00e9.<br \/>\nAvec 160 000 inscrits en 2017 et 380 000 tentatives d&#8217;arr\u00eat li\u00e9es \u00e0 l&#8217;op\u00e9ration en 2016, #MoisSansTabac a contribu\u00e9 \u00e0 cette avanc\u00e9e de concert avec les autres mesures du programme national de r\u00e9duction du tabagisme (PNRT).<br \/>\nSi ces r\u00e9sultats sont tr\u00e8s encourageants, une r\u00e9elle marge de progression existe. C&#8217;est pourquoi le Minist\u00e8re des Solidarit\u00e9s et de la Sant\u00e9 et Sant\u00e9 publique France en partenariat avec l&#8217;Assurance Maladie lancent la 3\u00e8me \u00e9dition de #MoisSansTabac.<br \/>\nEn Gironde, la mobilisation est de mise.<!--more--><br \/>\nL&#8217;Agence r\u00e9gionale de sant\u00e9 Nouvelle-Aquitaine (ARS), en partenariat avec l&#8217;ambassadeur r\u00e9gional #MoisSansTabac Agir 33 Aquitaine et les 2 co-ambassadeurs, Addictlim et ARIA (Association du R\u00e9seau des Intervenants en Addictologie), accompagne les acteurs de terrain dans la mise en place d&#8217;actions pour sensibiliser les fumeurs \u00e0 l&#8217;arr\u00eat du tabac, les inciter \u00e0 s&#8217;inscrire au d\u00e9fi, les aider \u00e0 se pr\u00e9parer \u00e0 l&#8217;arr\u00eat et les soutenir pendant tout le mois de novembre.<br \/>\nPour cette 3\u00e8me \u00e9dition de #MoisSansTabac, l&#8217;ARS poursuit sa forte mobilisation sur les territoires avec plus de 600 partenaires engag\u00e9s, notamment aupr\u00e8s de publics prioritaires : les personnes en situation de pr\u00e9carit\u00e9, les femmes et les jeunes.<\/p>\n<h2>#MoisSansTabac, \u00e7a marche !<\/h2>\n<p>En 2016, 380 000 fumeurs quotidiens ont fait une tentative d&#8217;arr\u00eat en lien avec la 1\u00e8re \u00e9dition de #MoisSansTabac et environ 20% d&#8217;entre eux \u00e9taient toujours abstinents 6 mois plus tard, soit pr\u00e8s de 80 000 fumeurs.<br \/>\nEn 2017, pr\u00e8s de 160 000 personnes se sont inscrites au d\u00e9fi sur Tabac Info Service, dont 15 394 en Nouvelle-Aquitaine et 4778 en Gironde.<br \/>\nOn compte encore en Nouvelle-Aquitaine 28% de fumeurs quotidiens (contre 26,9% au plan national), autant de potentiels participants \u00e0 la 3\u00e8me \u00e9dition de #MoisSansTabac.<br \/>\n(Barom\u00e8tre sant\u00e9 2017)<br \/>\nLes premiers \u00e9v\u00e9nements #MoisSansTabac pr\u00e9vus en Gironde<\/p>\n<p>De nombreux \u00e9v\u00e9nements sont pr\u00e9vus en octobre et en novembre dans tout le d\u00e9partement.<\/p>\n<p>Parmi ceux-ci :<\/p>\n<p>La Gironde soutient #MoisSansTabac !<br \/>\n&gt; FanZone #MoisSansTabac \u00e0 Bordeaux<br \/>\nJeudi 25 octobre, de 10h \u00e0 18h, Place de la Victoire<br \/>\nLudique, attractif et gratuit, ce village \u00e9v\u00e9nementiel a pour vocation d&#8217;accompagner les fumeurs vers l&#8217;arr\u00eat de la cigarette. Au programme, des stands d&#8217;informations et de nombreuses animations li\u00e9es \u00e0 diff\u00e9rentes th\u00e9matiques : gestion du stress, nutrition, activit\u00e9s physiques, quiz\u0085<br \/>\nDes entretiens et consultations en tabacologie seront \u00e9galement assur\u00e9s par des professionnels de la sant\u00e9 dans des cabines confidentielles et insonoris\u00e9es.<\/p>\n","protected":false},"excerpt":{"rendered":"<p>Entre 2016 et 2017, le tabagisme a baiss\u00e9 de mani\u00e8re historique en France : 1 million de fumeurs quotidiens en moins, notamment chez les fumeurs en situation de pr\u00e9carit\u00e9. Avec 160 000 inscrits en 2017 et 380 000 tentatives d&#8217;arr\u00eat li\u00e9es \u00e0 l&#8217;op\u00e9ration en 2016, #MoisSansTabac a contribu\u00e9 \u00e0 cette avanc\u00e9e de concert avec les [&hellip;]<\/p>\n","protected":false},"author":3,"featured_media":5026,"comment_status":"open","ping_status":"open","sticky":false,"template":"","format":"standard","meta":[],"categories":[104],"tags":[241,242],"yoast_head":"<!-- This site is optimized with the Yoast SEO plugin v15.7 - https:\/\/yoast.com\/wordpress\/plugins\/seo\/ -->\n<title>#MoisSansTabac : en octobre on se pr\u00e9pare, en novembre on arr\u00eate ensemble - Atlantica Radio<\/title>\n<meta name=\"robots\" content=\"index, follow, max-snippet:-1, max-image-preview:large, max-video-preview:-1\" \/>\n<link rel=\"canonical\" href=\"https:\/\/www.atlantica-radio.fr\/moissanstabac-en-octobre-on-se-prepare-en-novembre-on-arrete-ensemble\/\" \/>\n<meta property=\"og:locale\" content=\"fr_FR\" \/>\n<meta property=\"og:type\" content=\"article\" \/>\n<meta property=\"og:title\" content=\"#MoisSansTabac : en octobre on se pr\u00e9pare, en novembre on arr\u00eate ensemble - Atlantica Radio\" \/>\n<meta property=\"og:description\" content=\"Entre 2016 et 2017, le tabagisme a baiss\u00e9 de mani\u00e8re historique en France : 1 million de fumeurs quotidiens en moins, notamment chez les fumeurs en situation de pr\u00e9carit\u00e9. Avec 160 000 inscrits en 2017 et 380 000 tentatives d&#8217;arr\u00eat li\u00e9es \u00e0 l&#8217;op\u00e9ration en 2016, #MoisSansTabac a contribu\u00e9 \u00e0 cette avanc\u00e9e de concert avec les [&hellip;]\" \/>\n<meta property=\"og:url\" content=\"https:\/\/www.atlantica-radio.fr\/moissanstabac-en-octobre-on-se-prepare-en-novembre-on-arrete-ensemble\/\" \/>\n<meta property=\"og:site_name\" content=\"Atlantica Radio\" \/>\n<meta property=\"article:published_time\" content=\"2018-10-18T13:00:16+00:00\" \/>\n<meta property=\"article:modified_time\" content=\"2018-10-18T13:01:03+00:00\" \/>\n<meta property=\"og:image\" content=\"https:\/\/www.atlantica-radio.fr\/wp-content\/uploads\/2018\/10\/29021989-C5AF-4790-BEB5-1CFF35F4F840.jpeg\" \/>\n\t<meta property=\"og:image:width\" content=\"400\" \/>\n\t<meta property=\"og:image:height\" content=\"400\" \/>\n<meta name=\"twitter:card\" content=\"summary_large_image\" \/>\n<meta name=\"twitter:label1\" content=\"Dur\u00e9e de lecture est.\">\n\t<meta name=\"twitter:data1\" content=\"2 minutes\">\n<script type=\"application\/ld+json\" class=\"yoast-schema-graph\">{\"@context\":\"https:\/\/schema.org\",\"@graph\":[{\"@type\":\"WebSite\",\"@id\":\"https:\/\/www.atlantica-radio.fr\/#website\",\"url\":\"https:\/\/www.atlantica-radio.fr\/\",\"name\":\"Atlantica Radio\",\"description\":\"Au coeur du bassin d&#039;Arcachon\",\"potentialAction\":[{\"@type\":\"SearchAction\",\"target\":\"https:\/\/www.atlantica-radio.fr\/?s={search_term_string}\",\"query-input\":\"required name=search_term_string\"}],\"inLanguage\":\"fr-FR\"},{\"@type\":\"ImageObject\",\"@id\":\"https:\/\/www.atlantica-radio.fr\/moissanstabac-en-octobre-on-se-prepare-en-novembre-on-arrete-ensemble\/#primaryimage\",\"inLanguage\":\"fr-FR\",\"url\":\"https:\/\/www.atlantica-radio.fr\/wp-content\/uploads\/2018\/10\/29021989-C5AF-4790-BEB5-1CFF35F4F840.jpeg\",\"width\":400,\"height\":400},{\"@type\":\"WebPage\",\"@id\":\"https:\/\/www.atlantica-radio.fr\/moissanstabac-en-octobre-on-se-prepare-en-novembre-on-arrete-ensemble\/#webpage\",\"url\":\"https:\/\/www.atlantica-radio.fr\/moissanstabac-en-octobre-on-se-prepare-en-novembre-on-arrete-ensemble\/\",\"name\":\"#MoisSansTabac : en octobre on se pr\\u00e9pare, en novembre on arr\\u00eate ensemble - Atlantica Radio\",\"isPartOf\":{\"@id\":\"https:\/\/www.atlantica-radio.fr\/#website\"},\"primaryImageOfPage\":{\"@id\":\"https:\/\/www.atlantica-radio.fr\/moissanstabac-en-octobre-on-se-prepare-en-novembre-on-arrete-ensemble\/#primaryimage\"},\"datePublished\":\"2018-10-18T13:00:16+00:00\",\"dateModified\":\"2018-10-18T13:01:03+00:00\",\"author\":{\"@id\":\"https:\/\/www.atlantica-radio.fr\/#\/schema\/person\/55c794eb2a8b35e563d61f210eabccc3\"},\"inLanguage\":\"fr-FR\",\"potentialAction\":[{\"@type\":\"ReadAction\",\"target\":[\"https:\/\/www.atlantica-radio.fr\/moissanstabac-en-octobre-on-se-prepare-en-novembre-on-arrete-ensemble\/\"]}]},{\"@type\":\"Person\",\"@id\":\"https:\/\/www.atlantica-radio.fr\/#\/schema\/person\/55c794eb2a8b35e563d61f210eabccc3\",\"name\":\"K\\u00e9vin Brustis\",\"image\":{\"@type\":\"ImageObject\",\"@id\":\"https:\/\/www.atlantica-radio.fr\/#personlogo\",\"inLanguage\":\"fr-FR\",\"url\":\"https:\/\/secure.gravatar.com\/avatar\/1a053e366c240866239aed30aec39ae0?s=96&d=mm&r=g\",\"caption\":\"K\\u00e9vin Brustis\"},\"sameAs\":[\"http:\/\/www.atlantica-radio.fr\"]}]}<\/script>\n<!-- \/ Yoast SEO plugin. -->","_links":{"self":[{"href":"https:\/\/www.atlantica-radio.fr\/api\/wp\/v2\/posts\/5025"}],"collection":[{"href":"https:\/\/www.atlantica-radio.fr\/api\/wp\/v2\/posts"}],"about":[{"href":"https:\/\/www.atlantica-radio.fr\/api\/wp\/v2\/types\/post"}],"author":[{"embeddable":true,"href":"https:\/\/www.atlantica-radio.fr\/api\/wp\/v2\/users\/3"}],"replies":[{"embeddable":true,"href":"https:\/\/www.atlantica-radio.fr\/api\/wp\/v2\/comments?post=5025"}],"version-history":[{"count":2,"href":"https:\/\/www.atlantica-radio.fr\/api\/wp\/v2\/posts\/5025\/revisions"}],"predecessor-version":[{"id":5028,"href":"https:\/\/www.atlantica-radio.fr\/api\/wp\/v2\/posts\/5025\/revisions\/5028"}],"wp:featuredmedia":[{"embeddable":true,"href":"https:\/\/www.atlantica-radio.fr\/api\/wp\/v2\/media\/5026"}],"wp:attachment":[{"href":"https:\/\/www.atlantica-radio.fr\/api\/wp\/v2\/media?parent=5025"}],"wp:term":[{"taxonomy":"category","embeddable":true,"href":"https:\/\/www.atlantica-radio.fr\/api\/wp\/v2\/categories?post=5025"},{"taxonomy":"post_tag","embeddable":true,"href":"https:\/\/www.atlantica-radio.fr\/api\/wp\/v2\/tags?post=5025"}],"curies":[{"name":"wp","href":"https:\/\/api.w.org\/{rel}","templated":true}]}}