{"id":5002,"date":"2018-10-08T12:37:39","date_gmt":"2018-10-08T10:37:39","guid":{"rendered":"http:\/\/www.atlantica-radio.fr\/?p=5002"},"modified":"2018-10-10T13:06:21","modified_gmt":"2018-10-10T11:06:21","slug":"passnord-des-collegiens-a-la-rencontre-des-entreprises-du-bassin","status":"publish","type":"post","link":"https:\/\/www.atlantica-radio.fr\/passnord-des-collegiens-a-la-rencontre-des-entreprises-du-bassin\/","title":{"rendered":"Passnord : des coll\u00e9giens \u00e0 la rencontre des entreprises du Bassin"},"content":{"rendered":"<p>Le 24 janvier 2019, se tiendra la 6e \u00e9dition du PASSNORD organis\u00e9e par le CACBN (Club des Acteurs de la Croissance du Bassin Nord) qui poursuit son engagement en faveur de la jeunesse du Territoire, soutenu par la COBAN, la Chambre de Commerce et d\u2019Industrie de Bordeaux et la Chambre des M\u00e9tiers et de l\u2019Artisanat.     <!--more--><\/p>\n<p>Gr\u00e2ce \u00e0 la mobilisation des entrepreneurs, des responsables d\u2019\u00e9tablissements scolaires, des professeurs, de Bassin Solidarit\u00e9 Emploi et du P\u00f4le Emploi d\u2019Andernos, des centaines de coll\u00e9giens et jeunes adultes pourront aller \u00e0 la rencontre d\u2019une centaine de professionnels. <\/p>\n<p>Les jeunes auront ainsi l\u2019occasion de poser des questions afin de d\u00e9couvrir le quotidien des entrepreneurs et se faire ainsi une id\u00e9e pragmatique et r\u00e9elle du m\u00e9tier. <\/p>\n<p>Certains professionnels proposeront des ateliers pour faire d\u00e9couvrir leur m\u00e9tier de mani\u00e8re ludique.<\/p>\n<p>En 2019, les entreprises seront regroup\u00e9es autour de douze sph\u00e8res professionnelles : accompagnement et gestion des entreprises, artisanat d\u2019art, s\u00e9curit\u00e9, sant\u00e9 et social, habitat, bien-\u00eatre et beaut\u00e9, loisirs et sport, nouvelles technologies, alimentation, communication et informatique, a\u00e9ronautique et m\u00e9canique, banques et assurances.<\/p>\n<p>Cette nouvelle \u00e9dition propose aussi des ateliers de d\u00e9veloppement personnel, un accompagnement par des professionnels de l\u2019orientation et la mise \u00e0 disposition d\u2019outils num\u00e9riques. Les jeunes seront ainsi en mesure d\u2019identifier l\u2019orientation qui leur correspond. <\/p>\n<p>Cette journ\u00e9e va se d\u00e9rouler \u00e0 la salle des f\u00eates de Biganos en 4 temps :<\/p>\n<ul>\n<li> De 9 h \u00e0 16 h 30 : D\u00e9couverte des m\u00e9tiers et ateliers (80 entrepreneurs pr\u00e9sentent 140 m\u00e9tiers). Cette journ\u00e9e est r\u00e9serv\u00e9e aux coll\u00e9giens et personnes en recherche d\u2019orientation.<\/li>\n<li>  De 17 h \u00e0 18 h30 : Afterwork r\u00e9serv\u00e9 aux entreprises.<\/li>\n<li>  18 h30 : Troph\u00e9es Entreprises &#8211; 3 entreprises r\u00e9compens\u00e9es (Crit\u00e8res : Parcours professionnel du candidat, Qualit\u00e9 et innovation du projet, Objectif de d\u00e9veloppement, Implication sur le territoire\u2026)<\/li>\n<li>   19 h 30 : Soir\u00e9e de cl\u00f4ture, cocktail d\u00eenatoire.<\/li>\n<\/ul>\n<p>Vous repr\u00e9sentez une entreprise ? Vous souhaitez participer \u00e0 la rencontre \u00e9coles-entreprise ?<br \/>\nRendez-vous sur <a href=\"https:\/\/www.trophee-passnord.com\/edition-2019\/\">le site de Passnord<\/a> pour t\u00e9l\u00e9charger d\u00e8s maintenant le bulletin d&#8217;inscription !<\/p>\n","protected":false},"excerpt":{"rendered":"<p>Le 24 janvier 2019, se tiendra la 6e \u00e9dition du PASSNORD organis\u00e9e par le CACBN (Club des Acteurs de la Croissance du Bassin Nord) qui poursuit son engagement en faveur de la jeunesse du Territoire, soutenu par la COBAN, la Chambre de Commerce et d\u2019Industrie de Bordeaux et la Chambre des M\u00e9tiers et de l\u2019Artisanat.<\/p>\n","protected":false},"author":1,"featured_media":5003,"comment_status":"closed","ping_status":"closed","sticky":false,"template":"","format":"standard","meta":[],"categories":[104],"tags":[234,233],"yoast_head":"<!-- This site is optimized with the Yoast SEO plugin v15.7 - https:\/\/yoast.com\/wordpress\/plugins\/seo\/ -->\n<title>Passnord : des coll\u00e9giens \u00e0 la rencontre des entreprises du Bassin - Atlantica Radio<\/title>\n<meta name=\"robots\" content=\"index, follow, max-snippet:-1, max-image-preview:large, max-video-preview:-1\" \/>\n<link rel=\"canonical\" href=\"https:\/\/www.atlantica-radio.fr\/passnord-des-collegiens-a-la-rencontre-des-entreprises-du-bassin\/\" \/>\n<meta property=\"og:locale\" content=\"fr_FR\" \/>\n<meta property=\"og:type\" content=\"article\" \/>\n<meta property=\"og:title\" content=\"Passnord : des coll\u00e9giens \u00e0 la rencontre des entreprises du Bassin - Atlantica Radio\" \/>\n<meta property=\"og:description\" content=\"Le 24 janvier 2019, se tiendra la 6e \u00e9dition du PASSNORD organis\u00e9e par le CACBN (Club des Acteurs de la Croissance du Bassin Nord) qui poursuit son engagement en faveur de la jeunesse du Territoire, soutenu par la COBAN, la Chambre de Commerce et d\u2019Industrie de Bordeaux et la Chambre des M\u00e9tiers et de l\u2019Artisanat.\" \/>\n<meta property=\"og:url\" content=\"https:\/\/www.atlantica-radio.fr\/passnord-des-collegiens-a-la-rencontre-des-entreprises-du-bassin\/\" \/>\n<meta property=\"og:site_name\" content=\"Atlantica Radio\" \/>\n<meta property=\"article:published_time\" content=\"2018-10-08T10:37:39+00:00\" \/>\n<meta property=\"article:modified_time\" content=\"2018-10-10T11:06:21+00:00\" \/>\n<meta property=\"og:image\" content=\"https:\/\/www.atlantica-radio.fr\/wp-content\/uploads\/2018\/10\/le-bureau-du-cacbn-a-presente-jeudi-le-programme-de-la-prochaine-edition-du-trophee-pass-nord.jpg\" \/>\n\t<meta property=\"og:image:width\" content=\"1000\" \/>\n\t<meta property=\"og:image:height\" content=\"500\" \/>\n<meta name=\"twitter:card\" content=\"summary_large_image\" \/>\n<meta name=\"twitter:label1\" content=\"Dur\u00e9e de lecture est.\">\n\t<meta name=\"twitter:data1\" content=\"2 minutes\">\n<script type=\"application\/ld+json\" class=\"yoast-schema-graph\">{\"@context\":\"https:\/\/schema.org\",\"@graph\":[{\"@type\":\"WebSite\",\"@id\":\"https:\/\/www.atlantica-radio.fr\/#website\",\"url\":\"https:\/\/www.atlantica-radio.fr\/\",\"name\":\"Atlantica Radio\",\"description\":\"Au coeur du bassin d&#039;Arcachon\",\"potentialAction\":[{\"@type\":\"SearchAction\",\"target\":\"https:\/\/www.atlantica-radio.fr\/?s={search_term_string}\",\"query-input\":\"required name=search_term_string\"}],\"inLanguage\":\"fr-FR\"},{\"@type\":\"ImageObject\",\"@id\":\"https:\/\/www.atlantica-radio.fr\/passnord-des-collegiens-a-la-rencontre-des-entreprises-du-bassin\/#primaryimage\",\"inLanguage\":\"fr-FR\",\"url\":\"https:\/\/www.atlantica-radio.fr\/wp-content\/uploads\/2018\/10\/le-bureau-du-cacbn-a-presente-jeudi-le-programme-de-la-prochaine-edition-du-trophee-pass-nord.jpg\",\"width\":1000,\"height\":500},{\"@type\":\"WebPage\",\"@id\":\"https:\/\/www.atlantica-radio.fr\/passnord-des-collegiens-a-la-rencontre-des-entreprises-du-bassin\/#webpage\",\"url\":\"https:\/\/www.atlantica-radio.fr\/passnord-des-collegiens-a-la-rencontre-des-entreprises-du-bassin\/\",\"name\":\"Passnord : des coll\\u00e9giens \\u00e0 la rencontre des entreprises du Bassin - Atlantica Radio\",\"isPartOf\":{\"@id\":\"https:\/\/www.atlantica-radio.fr\/#website\"},\"primaryImageOfPage\":{\"@id\":\"https:\/\/www.atlantica-radio.fr\/passnord-des-collegiens-a-la-rencontre-des-entreprises-du-bassin\/#primaryimage\"},\"datePublished\":\"2018-10-08T10:37:39+00:00\",\"dateModified\":\"2018-10-10T11:06:21+00:00\",\"author\":{\"@id\":\"https:\/\/www.atlantica-radio.fr\/#\/schema\/person\/1ecb64b6771f00df5d8614c5a6f9495e\"},\"inLanguage\":\"fr-FR\",\"potentialAction\":[{\"@type\":\"ReadAction\",\"target\":[\"https:\/\/www.atlantica-radio.fr\/passnord-des-collegiens-a-la-rencontre-des-entreprises-du-bassin\/\"]}]},{\"@type\":\"Person\",\"@id\":\"https:\/\/www.atlantica-radio.fr\/#\/schema\/person\/1ecb64b6771f00df5d8614c5a6f9495e\",\"name\":\"La r\\u00e9daction\",\"image\":{\"@type\":\"ImageObject\",\"@id\":\"https:\/\/www.atlantica-radio.fr\/#personlogo\",\"inLanguage\":\"fr-FR\",\"url\":\"https:\/\/secure.gravatar.com\/avatar\/d8fb08e72d113d4e2a666615ffdc840c?s=96&d=mm&r=g\",\"caption\":\"La r\\u00e9daction\"}}]}<\/script>\n<!-- \/ Yoast SEO plugin. -->","_links":{"self":[{"href":"https:\/\/www.atlantica-radio.fr\/api\/wp\/v2\/posts\/5002"}],"collection":[{"href":"https:\/\/www.atlantica-radio.fr\/api\/wp\/v2\/posts"}],"about":[{"href":"https:\/\/www.atlantica-radio.fr\/api\/wp\/v2\/types\/post"}],"author":[{"embeddable":true,"href":"https:\/\/www.atlantica-radio.fr\/api\/wp\/v2\/users\/1"}],"replies":[{"embeddable":true,"href":"https:\/\/www.atlantica-radio.fr\/api\/wp\/v2\/comments?post=5002"}],"version-history":[{"count":2,"href":"https:\/\/www.atlantica-radio.fr\/api\/wp\/v2\/posts\/5002\/revisions"}],"predecessor-version":[{"id":5005,"href":"https:\/\/www.atlantica-radio.fr\/api\/wp\/v2\/posts\/5002\/revisions\/5005"}],"wp:featuredmedia":[{"embeddable":true,"href":"https:\/\/www.atlantica-radio.fr\/api\/wp\/v2\/media\/5003"}],"wp:attachment":[{"href":"https:\/\/www.atlantica-radio.fr\/api\/wp\/v2\/media?parent=5002"}],"wp:term":[{"taxonomy":"category","embeddable":true,"href":"https:\/\/www.atlantica-radio.fr\/api\/wp\/v2\/categories?post=5002"},{"taxonomy":"post_tag","embeddable":true,"href":"https:\/\/www.atlantica-radio.fr\/api\/wp\/v2\/tags?post=5002"}],"curies":[{"name":"wp","href":"https:\/\/api.w.org\/{rel}","templated":true}]}}