{"id":4912,"date":"2018-06-26T15:56:53","date_gmt":"2018-06-26T13:56:53","guid":{"rendered":"http:\/\/www.atlantica-radio.fr\/?p=4912"},"modified":"2018-06-26T16:01:36","modified_gmt":"2018-06-26T14:01:36","slug":"lege-cap-ferret-le-chef-de-la-police-municipale-alcoolise-et-en-exces-de-vitesse","status":"publish","type":"post","link":"https:\/\/www.atlantica-radio.fr\/lege-cap-ferret-le-chef-de-la-police-municipale-alcoolise-et-en-exces-de-vitesse\/","title":{"rendered":"L\u00e8ge Cap-Ferret : le chef de la police municipale alcoolis\u00e9 et en exc\u00e8s de vitesse"},"content":{"rendered":"<p>Coup dur ! Le chef de la police municipale de L\u00e8ge-Cap-Ferret ne peut plus prendre le volant et circule en v\u00e9lo depuis quelques jours. Pour cause, il s\u2019est fait retirer son permis apr\u00e8s un d\u00e9placement priv\u00e9, rapportent nos confr\u00e8res de <em>La D\u00e9p\u00eache du Bassin<\/em>.<\/p>\n<h2>Un taux d&#8217;alcool\u00e9mie pr\u00e8s de deux fois sup\u00e9rieur au seuil autoris\u00e9<\/h2>\n<p>Le patron de sa police municipale a \u00e9t\u00e9 contr\u00f4l\u00e9 lors d\u2019un d\u00e9placement priv\u00e9 par la gendarmerie, dans les Landes en avril dernier. Il \u00e9tait en exc\u00e8s de vitesse et son taux d\u2019alcool\u00e9mie \u00e9tait pr\u00e8s de deux fois sup\u00e9rieur au seuil autoris\u00e9, 1.28 gramme par litre. La non-ma\u00eetrise du v\u00e9hicule a \u00e9galement \u00e9t\u00e9 retenue, car il est rentr\u00e9 dans un plot au moment de son contr\u00f4le. Bilan : <strong>quatre mois de retrait de permis.<\/strong> et une mairie tr\u00e8s embarrass\u00e9e. <\/p>\n<p>Le maire de L\u00e8ge Cap Ferret <strong>Michel Sammarcelli<\/strong> a confirm\u00e9 l&#8217;information et surtout sa col\u00e8re vis \u00e0 vis du patron de sa police municipale.<em> &#8220;Si on \u00e9tait dans le priv\u00e9, j&#8217;aurais pu imm\u00e9diatement le licencier&#8221;<\/em> explique le maire , <em>&#8220;l\u00e0 c&#8217;est diff\u00e9rent, on va voir quelles sanctions on peut prendre mais on va r\u00e9gler \u00e7a en famille. J\u2019ai aussit\u00f4t mis en place une sanction financi\u00e8re&#8221;<\/em> explique l\u2019\u00e9dile. <em>&#8220;En revanche, pour une sanction appropri\u00e9e, je dois attendre d\u2019avoir le jugement.&#8221;<\/em> Ainsi, Michel Sammarcelli n\u2019a pas le pouvoir de r\u00e9voquer l\u2019agent de la fonction publique.<\/p>\n<p>Ce dernier reste en responsabilit\u00e9 de la police municipale m\u00eame s\u2019il est cantonn\u00e9 \u00e0 des t\u00e2ches de bureau et se d\u00e9place donc \u00e0 v\u00e9lo. <\/p>\n","protected":false},"excerpt":{"rendered":"<p>Coup dur ! Le chef de la police municipale de L\u00e8ge-Cap-Ferret ne peut plus prendre le volant et circule en v\u00e9lo depuis quelques jours. Pour cause, il s\u2019est fait retirer son permis apr\u00e8s un d\u00e9placement priv\u00e9, rapportent nos confr\u00e8res de La D\u00e9p\u00eache du Bassin. Un taux d&#8217;alcool\u00e9mie pr\u00e8s de deux fois sup\u00e9rieur au seuil autoris\u00e9 [&hellip;]<\/p>\n","protected":false},"author":1,"featured_media":4915,"comment_status":"open","ping_status":"open","sticky":false,"template":"","format":"standard","meta":[],"categories":[104],"tags":[216,217],"yoast_head":"<!-- This site is optimized with the Yoast SEO plugin v15.7 - https:\/\/yoast.com\/wordpress\/plugins\/seo\/ -->\n<title>L\u00e8ge Cap-Ferret : le chef de la police municipale alcoolis\u00e9 et en exc\u00e8s de vitesse - Atlantica Radio<\/title>\n<meta name=\"robots\" content=\"index, follow, max-snippet:-1, max-image-preview:large, max-video-preview:-1\" \/>\n<link rel=\"canonical\" href=\"https:\/\/www.atlantica-radio.fr\/lege-cap-ferret-le-chef-de-la-police-municipale-alcoolise-et-en-exces-de-vitesse\/\" \/>\n<meta property=\"og:locale\" content=\"fr_FR\" \/>\n<meta property=\"og:type\" content=\"article\" \/>\n<meta property=\"og:title\" content=\"L\u00e8ge Cap-Ferret : le chef de la police municipale alcoolis\u00e9 et en exc\u00e8s de vitesse - Atlantica Radio\" \/>\n<meta property=\"og:description\" content=\"Coup dur ! Le chef de la police municipale de L\u00e8ge-Cap-Ferret ne peut plus prendre le volant et circule en v\u00e9lo depuis quelques jours. Pour cause, il s\u2019est fait retirer son permis apr\u00e8s un d\u00e9placement priv\u00e9, rapportent nos confr\u00e8res de La D\u00e9p\u00eache du Bassin. Un taux d&#8217;alcool\u00e9mie pr\u00e8s de deux fois sup\u00e9rieur au seuil autoris\u00e9 [&hellip;]\" \/>\n<meta property=\"og:url\" content=\"https:\/\/www.atlantica-radio.fr\/lege-cap-ferret-le-chef-de-la-police-municipale-alcoolise-et-en-exces-de-vitesse\/\" \/>\n<meta property=\"og:site_name\" content=\"Atlantica Radio\" \/>\n<meta property=\"article:published_time\" content=\"2018-06-26T13:56:53+00:00\" \/>\n<meta property=\"article:modified_time\" content=\"2018-06-26T14:01:36+00:00\" \/>\n<meta property=\"og:image\" content=\"https:\/\/www.atlantica-radio.fr\/wp-content\/uploads\/2018\/06\/7588230-11715870.jpg\" \/>\n\t<meta property=\"og:image:width\" content=\"693\" \/>\n\t<meta property=\"og:image:height\" content=\"460\" \/>\n<meta name=\"twitter:card\" content=\"summary_large_image\" \/>\n<meta name=\"twitter:label1\" content=\"Dur\u00e9e de lecture est.\">\n\t<meta name=\"twitter:data1\" content=\"1 minute\">\n<script type=\"application\/ld+json\" class=\"yoast-schema-graph\">{\"@context\":\"https:\/\/schema.org\",\"@graph\":[{\"@type\":\"WebSite\",\"@id\":\"https:\/\/www.atlantica-radio.fr\/#website\",\"url\":\"https:\/\/www.atlantica-radio.fr\/\",\"name\":\"Atlantica Radio\",\"description\":\"Au coeur du bassin d&#039;Arcachon\",\"potentialAction\":[{\"@type\":\"SearchAction\",\"target\":\"https:\/\/www.atlantica-radio.fr\/?s={search_term_string}\",\"query-input\":\"required name=search_term_string\"}],\"inLanguage\":\"fr-FR\"},{\"@type\":\"ImageObject\",\"@id\":\"https:\/\/www.atlantica-radio.fr\/lege-cap-ferret-le-chef-de-la-police-municipale-alcoolise-et-en-exces-de-vitesse\/#primaryimage\",\"inLanguage\":\"fr-FR\",\"url\":\"https:\/\/www.atlantica-radio.fr\/wp-content\/uploads\/2018\/06\/7588230-11715870.jpg\",\"width\":693,\"height\":460},{\"@type\":\"WebPage\",\"@id\":\"https:\/\/www.atlantica-radio.fr\/lege-cap-ferret-le-chef-de-la-police-municipale-alcoolise-et-en-exces-de-vitesse\/#webpage\",\"url\":\"https:\/\/www.atlantica-radio.fr\/lege-cap-ferret-le-chef-de-la-police-municipale-alcoolise-et-en-exces-de-vitesse\/\",\"name\":\"L\\u00e8ge Cap-Ferret : le chef de la police municipale alcoolis\\u00e9 et en exc\\u00e8s de vitesse - Atlantica Radio\",\"isPartOf\":{\"@id\":\"https:\/\/www.atlantica-radio.fr\/#website\"},\"primaryImageOfPage\":{\"@id\":\"https:\/\/www.atlantica-radio.fr\/lege-cap-ferret-le-chef-de-la-police-municipale-alcoolise-et-en-exces-de-vitesse\/#primaryimage\"},\"datePublished\":\"2018-06-26T13:56:53+00:00\",\"dateModified\":\"2018-06-26T14:01:36+00:00\",\"author\":{\"@id\":\"https:\/\/www.atlantica-radio.fr\/#\/schema\/person\/1ecb64b6771f00df5d8614c5a6f9495e\"},\"inLanguage\":\"fr-FR\",\"potentialAction\":[{\"@type\":\"ReadAction\",\"target\":[\"https:\/\/www.atlantica-radio.fr\/lege-cap-ferret-le-chef-de-la-police-municipale-alcoolise-et-en-exces-de-vitesse\/\"]}]},{\"@type\":\"Person\",\"@id\":\"https:\/\/www.atlantica-radio.fr\/#\/schema\/person\/1ecb64b6771f00df5d8614c5a6f9495e\",\"name\":\"La r\\u00e9daction\",\"image\":{\"@type\":\"ImageObject\",\"@id\":\"https:\/\/www.atlantica-radio.fr\/#personlogo\",\"inLanguage\":\"fr-FR\",\"url\":\"https:\/\/secure.gravatar.com\/avatar\/d8fb08e72d113d4e2a666615ffdc840c?s=96&d=mm&r=g\",\"caption\":\"La r\\u00e9daction\"}}]}<\/script>\n<!-- \/ Yoast SEO plugin. -->","_links":{"self":[{"href":"https:\/\/www.atlantica-radio.fr\/api\/wp\/v2\/posts\/4912"}],"collection":[{"href":"https:\/\/www.atlantica-radio.fr\/api\/wp\/v2\/posts"}],"about":[{"href":"https:\/\/www.atlantica-radio.fr\/api\/wp\/v2\/types\/post"}],"author":[{"embeddable":true,"href":"https:\/\/www.atlantica-radio.fr\/api\/wp\/v2\/users\/1"}],"replies":[{"embeddable":true,"href":"https:\/\/www.atlantica-radio.fr\/api\/wp\/v2\/comments?post=4912"}],"version-history":[{"count":3,"href":"https:\/\/www.atlantica-radio.fr\/api\/wp\/v2\/posts\/4912\/revisions"}],"predecessor-version":[{"id":4918,"href":"https:\/\/www.atlantica-radio.fr\/api\/wp\/v2\/posts\/4912\/revisions\/4918"}],"wp:featuredmedia":[{"embeddable":true,"href":"https:\/\/www.atlantica-radio.fr\/api\/wp\/v2\/media\/4915"}],"wp:attachment":[{"href":"https:\/\/www.atlantica-radio.fr\/api\/wp\/v2\/media?parent=4912"}],"wp:term":[{"taxonomy":"category","embeddable":true,"href":"https:\/\/www.atlantica-radio.fr\/api\/wp\/v2\/categories?post=4912"},{"taxonomy":"post_tag","embeddable":true,"href":"https:\/\/www.atlantica-radio.fr\/api\/wp\/v2\/tags?post=4912"}],"curies":[{"name":"wp","href":"https:\/\/api.w.org\/{rel}","templated":true}]}}