{"id":4879,"date":"2018-06-26T11:19:06","date_gmt":"2018-06-26T09:19:06","guid":{"rendered":"http:\/\/www.atlantica-radio.fr\/?p=4879"},"modified":"2018-06-26T11:19:06","modified_gmt":"2018-06-26T09:19:06","slug":"nos-producteurs-locaux-sans-huile-de-palme","status":"publish","type":"post","link":"https:\/\/www.atlantica-radio.fr\/nos-producteurs-locaux-sans-huile-de-palme\/","title":{"rendered":"Nos producteurs locaux, sans huile de palme"},"content":{"rendered":"<p>Petit point \u00e9cologique aujourd\u2019hui, comme vous savez surement l\u2019huile de palme est dangereuse pour la sant\u00e9 et surtout pour l\u2019environnement, en effet, son utilisation est \u00e0 l\u2019origine des d\u00e9forestations et de l\u2019extinction de plusieurs esp\u00e8ces animales. Elle est l\u2019huile la moins ch\u00e8re du monde. On nous r\u00e9p\u00e8te ces derniers temps de ne pas acheter de produits qui en contiennent, mais quels sont ces produits et par quoi les remplacer ? Petite s\u00e9lection des produits contenant de l\u2019huile de palme et de produits locaux pouvant remplacer ces grandes marques.<\/p>\n<p>Q<b>uels sont les effets de l\u2019huile de palme sur la sant\u00e9 et sur l\u2019environnement ?<br \/>\n<\/b>Au 20eme si\u00e8cle, la demande en huile de palme entraine une hausse importante de la production, principalement bas\u00e9 en Asie du Sud-Est. Cette essor a provoqu\u00e9 une s\u00e9rie de d\u00e9sastres \u00e0 commencer par la d\u00e9forestation, car oui il vaut bien raser des forets pour laisser place aux palmeraies, qui cause l\u2019extinction de plusieurs esp\u00e8ces tels que les Orangs-outans. De plus la d\u00e9forestation aggrave les rejets de gaz \u00e0 effet de serre. Il est estim\u00e9 que 98% des forets humides indon\u00e9siennes auront disparue d\u2019ici 2 ans si on ne fait rien.<br \/>\nElle est \u00e9galement dangereuse pour la sant\u00e9, \u00e0 forte consommation bien sur, mais comme on la retrouve partout, que se soit dans l\u2019alimentaire ou dans la cosm\u00e9tique\u2026 En effet elle favorise l\u2019apparition de maladies cardio-vasculaire et de cholest\u00e9rol.<\/p>\n<p><b>Comment rep\u00e9rer les produits qui en contiennent ?<br \/>\n<\/b>Les marques ont compris qu\u2019il n\u2019\u00e9tait pas flatteur de mettre dans la composition \u00ab\u00a0huile de palme\u00a0\u00bb alors son nom \u00e0 plusieurs variantes, la plus courante est \u00ab\u00a0graisse v\u00e9g\u00e9tale\u00a0\u00bb mais il existe aussi \u00ab\u00a0graisse palmiste\u00a0\u00bb, \u00ab\u00a0Oleine de palme\u00a0\u00bb ou encore \u00ab\u00a0st\u00e9arine de palme\u00a0\u00bb. Il est surtout \u00e9crit \u00ab\u00a0sans huile de palme\u00a0\u00bb sur les \u00e9tiquettes de produits qui n\u2019en contiennent pas.<\/p>\n<p><b>Les produits contenant de l\u2019huile de palme, \u00e0 \u00e9viter et leur d\u00e9riv\u00e9 sans huile de palme de nos producteurs locaux<br \/>\n<\/b>Bon pour vous rendre la tache facile, on vous a fait une s\u00e9lection des produits les plus couramment utilis\u00e9s qui contiennent de l\u2019huile de palme, que vous pouvez remplacer par des produits de producteurs locaux.<br \/>\nOn commence par une \u00e9vidence, le Nutella, qui est le plus connu pour son huile de palme, et pour le remplacer on vous propose une p\u00e2te \u00e0 tartin\u00e9 fabriqu\u00e9 en Lot-et-Garonne, de Lucien Gorgelin, certifi\u00e9 sans huile de palme, et tout aussi savoureux ( celui au chocolat blanc reste mon favoris ). Et si vous cherchez du chocolat, on vous conseille le Cracoy du bassin d\u2019arcachon.<\/p>\n<p>Les biscuits, tel que LU, Pim\u2019s ou encore Palmito contiennent \u00e9galement de l\u2019huile de palme, et pour continuer \u00e0 en manger on vous conseil La biscuiterie d\u2019Estelle, qui propose un large choix de biscuits, fabriqu\u00e9s \u00e0 Caudrot. Vous pouvez les retrouver sur son site internet ou bien chez \u00ab\u00a0la ruche qui dit oui\u00a0\u00bb \u00e0 Langon et Cerons.<\/p>\n<p>Toujours dans l\u2019alimentaire on retrouve les biscottes, Marque rep\u00e8re, Lu, Taillefine\u2026 si vous \u00eates un adepte de biscotte, remplacez ces derni\u00e8res par les biscotte de la biscotterie La Chanteracoise dans le P\u00e9rigord, elles existent \u00e0 tous les go\u00fbts : nature, raisin, ou p\u00e9pites de chocolat. En vente sur la place du march\u00e9 du Cap ferret, dans la boulangerie La Tchanqu\u00e9e ou encore au Barp \u00e0 l&#8217;\u00e9picerie du march\u00e9.<\/p>\n<p>Mais l&#8217;huile de palme se retrouve aussi dans nos shampoing, nos soins du corps ou m\u00eame notre maquillage. Pour continuer \u00e0 se faire beau et belle tout en respectant \u00a0on vous propose la marque EdenArgan pour ce qui est des soins (corps, cheveux, d\u00e9maquillants) qui \u00e0 ses locaux \u00e0 La Teste et dont les produits sont en vente dans plusieurs pharmacie de Gironde. Pour le savon on vous conseille &#8220;Graine de Savon&#8221; qui se situe au Porge et dont tout est fait \u00e0 la main (possible de commander sur son site et livraison dans toute la France) ou encore &#8220;En Douce Heure&#8221;, une savonnerie artisanale de V\u00e9line qui vous proposera shampoing, gel douche et autres soins cosm\u00e9tique disponible sur internet mais \u00e9galement dans les Biocoop de Bordeaux.<\/p>\n<p>Bon \u00e7a n&#8217;effacera pas le massacre de l&#8217;huile de palme, mais ces petits gestes aideront \u00e0 changer les choses, et surtout aident nos artisans locaux, et \u00e7a c&#8217;est le top!<\/p>\n","protected":false},"excerpt":{"rendered":"<p>Petit point \u00e9cologique aujourd\u2019hui, comme vous savez surement l\u2019huile de palme est dangereuse pour la sant\u00e9 et surtout pour l\u2019environnement, en effet, son utilisation est \u00e0 l\u2019origine des d\u00e9forestations et de l\u2019extinction de plusieurs esp\u00e8ces animales. Elle est l\u2019huile la moins ch\u00e8re du monde. On nous r\u00e9p\u00e8te ces derniers temps de ne pas acheter de [&hellip;]<\/p>\n","protected":false},"author":3,"featured_media":4905,"comment_status":"open","ping_status":"open","sticky":false,"template":"","format":"standard","meta":[],"categories":[104],"tags":[203,206,205,201,197,207,198,200,199,204,202],"yoast_head":"<!-- This site is optimized with the Yoast SEO plugin v15.7 - https:\/\/yoast.com\/wordpress\/plugins\/seo\/ -->\n<title>Nos producteurs locaux, sans huile de palme - Atlantica Radio<\/title>\n<meta name=\"robots\" content=\"index, follow, max-snippet:-1, max-image-preview:large, max-video-preview:-1\" \/>\n<link rel=\"canonical\" href=\"https:\/\/www.atlantica-radio.fr\/nos-producteurs-locaux-sans-huile-de-palme\/\" \/>\n<meta property=\"og:locale\" content=\"fr_FR\" \/>\n<meta property=\"og:type\" content=\"article\" \/>\n<meta property=\"og:title\" content=\"Nos producteurs locaux, sans huile de palme - Atlantica Radio\" \/>\n<meta property=\"og:description\" content=\"Petit point \u00e9cologique aujourd\u2019hui, comme vous savez surement l\u2019huile de palme est dangereuse pour la sant\u00e9 et surtout pour l\u2019environnement, en effet, son utilisation est \u00e0 l\u2019origine des d\u00e9forestations et de l\u2019extinction de plusieurs esp\u00e8ces animales. Elle est l\u2019huile la moins ch\u00e8re du monde. On nous r\u00e9p\u00e8te ces derniers temps de ne pas acheter de [&hellip;]\" \/>\n<meta property=\"og:url\" content=\"https:\/\/www.atlantica-radio.fr\/nos-producteurs-locaux-sans-huile-de-palme\/\" \/>\n<meta property=\"og:site_name\" content=\"Atlantica Radio\" \/>\n<meta property=\"article:published_time\" content=\"2018-06-26T09:19:06+00:00\" \/>\n<meta property=\"og:image\" content=\"https:\/\/www.atlantica-radio.fr\/wp-content\/uploads\/2018\/06\/huile-de-palme.jpg\" \/>\n\t<meta property=\"og:image:width\" content=\"1000\" \/>\n\t<meta property=\"og:image:height\" content=\"562\" \/>\n<meta name=\"twitter:card\" content=\"summary_large_image\" \/>\n<meta name=\"twitter:label1\" content=\"Dur\u00e9e de lecture est.\">\n\t<meta name=\"twitter:data1\" content=\"4 minutes\">\n<script type=\"application\/ld+json\" class=\"yoast-schema-graph\">{\"@context\":\"https:\/\/schema.org\",\"@graph\":[{\"@type\":\"WebSite\",\"@id\":\"https:\/\/www.atlantica-radio.fr\/#website\",\"url\":\"https:\/\/www.atlantica-radio.fr\/\",\"name\":\"Atlantica Radio\",\"description\":\"Au coeur du bassin d&#039;Arcachon\",\"potentialAction\":[{\"@type\":\"SearchAction\",\"target\":\"https:\/\/www.atlantica-radio.fr\/?s={search_term_string}\",\"query-input\":\"required name=search_term_string\"}],\"inLanguage\":\"fr-FR\"},{\"@type\":\"ImageObject\",\"@id\":\"https:\/\/www.atlantica-radio.fr\/nos-producteurs-locaux-sans-huile-de-palme\/#primaryimage\",\"inLanguage\":\"fr-FR\",\"url\":\"https:\/\/www.atlantica-radio.fr\/wp-content\/uploads\/2018\/06\/huile-de-palme.jpg\",\"width\":1000,\"height\":562},{\"@type\":\"WebPage\",\"@id\":\"https:\/\/www.atlantica-radio.fr\/nos-producteurs-locaux-sans-huile-de-palme\/#webpage\",\"url\":\"https:\/\/www.atlantica-radio.fr\/nos-producteurs-locaux-sans-huile-de-palme\/\",\"name\":\"Nos producteurs locaux, sans huile de palme - Atlantica Radio\",\"isPartOf\":{\"@id\":\"https:\/\/www.atlantica-radio.fr\/#website\"},\"primaryImageOfPage\":{\"@id\":\"https:\/\/www.atlantica-radio.fr\/nos-producteurs-locaux-sans-huile-de-palme\/#primaryimage\"},\"datePublished\":\"2018-06-26T09:19:06+00:00\",\"dateModified\":\"2018-06-26T09:19:06+00:00\",\"author\":{\"@id\":\"https:\/\/www.atlantica-radio.fr\/#\/schema\/person\/d40d09d6905addc783ca6d3922154cad\"},\"inLanguage\":\"fr-FR\",\"potentialAction\":[{\"@type\":\"ReadAction\",\"target\":[\"https:\/\/www.atlantica-radio.fr\/nos-producteurs-locaux-sans-huile-de-palme\/\"]}]},{\"@type\":\"Person\",\"@id\":\"https:\/\/www.atlantica-radio.fr\/#\/schema\/person\/d40d09d6905addc783ca6d3922154cad\",\"name\":\"K\\u00e9vin Brustis\",\"image\":{\"@type\":\"ImageObject\",\"@id\":\"https:\/\/www.atlantica-radio.fr\/#personlogo\",\"inLanguage\":\"fr-FR\",\"url\":\"https:\/\/secure.gravatar.com\/avatar\/1a053e366c240866239aed30aec39ae0?s=96&d=mm&r=g\",\"caption\":\"K\\u00e9vin Brustis\"},\"sameAs\":[\"http:\/\/www.atlantica-radio.fr\"]}]}<\/script>\n<!-- \/ Yoast SEO plugin. -->","_links":{"self":[{"href":"https:\/\/www.atlantica-radio.fr\/api\/wp\/v2\/posts\/4879"}],"collection":[{"href":"https:\/\/www.atlantica-radio.fr\/api\/wp\/v2\/posts"}],"about":[{"href":"https:\/\/www.atlantica-radio.fr\/api\/wp\/v2\/types\/post"}],"author":[{"embeddable":true,"href":"https:\/\/www.atlantica-radio.fr\/api\/wp\/v2\/users\/3"}],"replies":[{"embeddable":true,"href":"https:\/\/www.atlantica-radio.fr\/api\/wp\/v2\/comments?post=4879"}],"version-history":[{"count":4,"href":"https:\/\/www.atlantica-radio.fr\/api\/wp\/v2\/posts\/4879\/revisions"}],"predecessor-version":[{"id":4906,"href":"https:\/\/www.atlantica-radio.fr\/api\/wp\/v2\/posts\/4879\/revisions\/4906"}],"wp:featuredmedia":[{"embeddable":true,"href":"https:\/\/www.atlantica-radio.fr\/api\/wp\/v2\/media\/4905"}],"wp:attachment":[{"href":"https:\/\/www.atlantica-radio.fr\/api\/wp\/v2\/media?parent=4879"}],"wp:term":[{"taxonomy":"category","embeddable":true,"href":"https:\/\/www.atlantica-radio.fr\/api\/wp\/v2\/categories?post=4879"},{"taxonomy":"post_tag","embeddable":true,"href":"https:\/\/www.atlantica-radio.fr\/api\/wp\/v2\/tags?post=4879"}],"curies":[{"name":"wp","href":"https:\/\/api.w.org\/{rel}","templated":true}]}}