{"id":4870,"date":"2018-06-22T16:30:00","date_gmt":"2018-06-22T14:30:00","guid":{"rendered":"http:\/\/www.atlantica-radio.fr\/?p=4870"},"modified":"2018-06-22T16:30:00","modified_gmt":"2018-06-22T14:30:00","slug":"les-perles-du-bac","status":"publish","type":"post","link":"https:\/\/www.atlantica-radio.fr\/les-perles-du-bac\/","title":{"rendered":"Les perles du bac"},"content":{"rendered":"<p>Ils sont 753 148, ils ont entre 11 ans et 76 ans en France et ils sont 32 575 pour l\u2019acad\u00e9mie de Bordeaux et ont entre 15 et 64 ans. Vous avez devin\u00e9 de qui il s&#8217;agit ? Session Baccalaur\u00e9at 2018, nous y sommes, les \u00e9l\u00e8ves de diff\u00e9rents lyc\u00e9es qu\u2019ils soient en fili\u00e8re g\u00e9n\u00e9rale, technologique ou professionnelle sont dans une semaine de stress (ou pas\u2026) pour valider ce dipl\u00f4me. vous vous doutez bien qu\u2019autant de t\u00eates, \u00e7a va forcement nous donner de bonnes perles. Comme tous les ans vous me direz, c\u2019est pour \u00e7a qu\u2019on va faire une petite retrospective des meilleures perles du bac de ces derni\u00e8res ann\u00e9es.<\/p>\n<p>On commence par quelques dates\u2026 \u00ab\u00a0 <i>En 1945, les am\u00e9ricains d\u00e9clarent la guerre aux Etats-Unis\u00a0<\/i>\u00bb, bon du coup on a beau chercher on a pas trouv\u00e9 qui avait gagn\u00e9\u2026<\/p>\n<p><i>\u00ab\u00a0L&#8217;Afrique du sud a \u00e9t\u00e9 cr\u00e9e en\u00a01815\u00a0par Nelson Mandela.\u00a0\u00bb<\/i> Ah il en fait des choses ce Nelson..<\/p>\n<p>Selon un \u00e9l\u00e8ve <i>\u00ab\u00a0Au Japon, le manque de place oblige les autorit\u00e9s \u00e0 construire des a\u00e9roports sous-marins.\u00a0\u00bb <\/i>On n\u2019arr\u00eate donc pas le progr\u00e8s.<\/p>\n<p>La mondialisation \u00e7a vous parle? Et bien cet \u00e9l\u00e8ve est bien content qu&#8217;elle existe <i>\u00ab\u00a0Gr\u00e2ce \u00e0 la mondialisation on peut manger autre chose que les endives au jambon de ma m\u00e8re comme les souchis ou la pizza.\u00a0\u00bb <\/i>C\u2019est pas cool pour les endives de ta m\u00e8re\u2026<\/p>\n<p><i>\u00abPar exemple, avant on pensait que la Terre \u00e9tait ronde. Maintenant, on sait qu\u2019elle est plate\u00bb <\/i>Vous le saviez vous ? Il faut vraiment que je retourne au lyc\u00e9e parce que moi je pensais encore qu\u2019elle \u00e9tait ronde..<\/p>\n<p><i>\u00abC&#8217;est comme dans le film Le Roi Lion, lorsque Simba s&#8217;\u00e9loigne de sa tribu \u00e0 la mort de son p\u00e8re et qu&#8217;il rencontre Timon et Pumba et qui lui font changer de culture en lui faisant go\u00fbter de nouveaux plats et en lui chantent \u201cakuna matata\u201c \u00a0\u00bb <\/i>Oui le m\u00e9lange des peuples, la diversit\u00e9 c\u2019est important mais pour la r\u00e9f\u00e9rence on repassera.<\/p>\n<p><i>\u00abLe r\u00e9gime de Vichy a toujours \u00e9t\u00e9 tr\u00e8s bon pour la sant\u00e9\u00bb<\/i> Ah ? Je vais donc aller l\u2019essayer de ce pas!<\/p>\n<p><i>\u00abLa canicule est peut-\u00eatre la solution pour r\u00e9soudre le probl\u00e8me des retraites\u00bb<\/i> C\u2019est pas faux, mais je penses qu\u2019on peut trouver d\u2019autres alternatives\u2026<\/p>\n<p><i>\u00ab\u00a0Si le Royaume-Uni vote \u00ab\u00a0oui\u00a0\u00bb au Brexit, ce sera positif pour la France. Cela fera une \u00e9quipe en moins pour l\u2019Euro 2016.\u00a0\u00bb<\/i> C\u2019est vrai qu\u2019il faut toujours voir le verre \u00e0 moiti\u00e9 plein, l\u2019Allemagne \u00e0 pr\u00e9vu de rester ?<\/p>\n<p><i>&#8220;C&#8217;est la goutte d&#8217;eau qui met le feu aux poudres\u00a0\u00bb Bravo champion!<\/i><\/p>\n<p>Bon on sait que le stress fait dire n\u2019importe quoi mais j\u2019avoue que \u00e7a donnerait presque envie de devenir professeur pour rigoler un coup en corrigeant les copies du Bac. All\u00e9 courage aux candidats, vous \u00eates bient\u00f4t d\u00e9barrass\u00e9 du lyc\u00e9e!<\/p>\n","protected":false},"excerpt":{"rendered":"<p>Ils sont 753 148, ils ont entre 11 ans et 76 ans en France et ils sont 32 575 pour l\u2019acad\u00e9mie de Bordeaux et ont entre 15 et 64 ans. Vous avez devin\u00e9 de qui il s&#8217;agit ? Session Baccalaur\u00e9at 2018, nous y sommes, les \u00e9l\u00e8ves de diff\u00e9rents lyc\u00e9es qu\u2019ils soient en fili\u00e8re g\u00e9n\u00e9rale, technologique [&hellip;]<\/p>\n","protected":false},"author":3,"featured_media":4887,"comment_status":"open","ping_status":"open","sticky":false,"template":"","format":"standard","meta":[],"categories":[104],"tags":[192,189,191,190],"yoast_head":"<!-- This site is optimized with the Yoast SEO plugin v15.7 - https:\/\/yoast.com\/wordpress\/plugins\/seo\/ -->\n<title>Les perles du bac - Atlantica Radio<\/title>\n<meta name=\"robots\" content=\"index, follow, max-snippet:-1, max-image-preview:large, max-video-preview:-1\" \/>\n<link rel=\"canonical\" href=\"https:\/\/www.atlantica-radio.fr\/les-perles-du-bac\/\" \/>\n<meta property=\"og:locale\" content=\"fr_FR\" \/>\n<meta property=\"og:type\" content=\"article\" \/>\n<meta property=\"og:title\" content=\"Les perles du bac - Atlantica Radio\" \/>\n<meta property=\"og:description\" content=\"Ils sont 753 148, ils ont entre 11 ans et 76 ans en France et ils sont 32 575 pour l\u2019acad\u00e9mie de Bordeaux et ont entre 15 et 64 ans. Vous avez devin\u00e9 de qui il s&#8217;agit ? Session Baccalaur\u00e9at 2018, nous y sommes, les \u00e9l\u00e8ves de diff\u00e9rents lyc\u00e9es qu\u2019ils soient en fili\u00e8re g\u00e9n\u00e9rale, technologique [&hellip;]\" \/>\n<meta property=\"og:url\" content=\"https:\/\/www.atlantica-radio.fr\/les-perles-du-bac\/\" \/>\n<meta property=\"og:site_name\" content=\"Atlantica Radio\" \/>\n<meta property=\"article:published_time\" content=\"2018-06-22T14:30:00+00:00\" \/>\n<meta property=\"og:image\" content=\"https:\/\/www.atlantica-radio.fr\/wp-content\/uploads\/2018\/06\/writing-1149962_1920-1.jpg\" \/>\n\t<meta property=\"og:image:width\" content=\"1920\" \/>\n\t<meta property=\"og:image:height\" content=\"1281\" \/>\n<meta name=\"twitter:card\" content=\"summary_large_image\" \/>\n<meta name=\"twitter:label1\" content=\"Dur\u00e9e de lecture est.\">\n\t<meta name=\"twitter:data1\" content=\"2 minutes\">\n<script type=\"application\/ld+json\" class=\"yoast-schema-graph\">{\"@context\":\"https:\/\/schema.org\",\"@graph\":[{\"@type\":\"WebSite\",\"@id\":\"https:\/\/www.atlantica-radio.fr\/#website\",\"url\":\"https:\/\/www.atlantica-radio.fr\/\",\"name\":\"Atlantica Radio\",\"description\":\"Au coeur du bassin d&#039;Arcachon\",\"potentialAction\":[{\"@type\":\"SearchAction\",\"target\":\"https:\/\/www.atlantica-radio.fr\/?s={search_term_string}\",\"query-input\":\"required name=search_term_string\"}],\"inLanguage\":\"fr-FR\"},{\"@type\":\"ImageObject\",\"@id\":\"https:\/\/www.atlantica-radio.fr\/les-perles-du-bac\/#primaryimage\",\"inLanguage\":\"fr-FR\",\"url\":\"https:\/\/www.atlantica-radio.fr\/wp-content\/uploads\/2018\/06\/writing-1149962_1920-1.jpg\",\"width\":1920,\"height\":1281},{\"@type\":\"WebPage\",\"@id\":\"https:\/\/www.atlantica-radio.fr\/les-perles-du-bac\/#webpage\",\"url\":\"https:\/\/www.atlantica-radio.fr\/les-perles-du-bac\/\",\"name\":\"Les perles du bac - Atlantica Radio\",\"isPartOf\":{\"@id\":\"https:\/\/www.atlantica-radio.fr\/#website\"},\"primaryImageOfPage\":{\"@id\":\"https:\/\/www.atlantica-radio.fr\/les-perles-du-bac\/#primaryimage\"},\"datePublished\":\"2018-06-22T14:30:00+00:00\",\"dateModified\":\"2018-06-22T14:30:00+00:00\",\"author\":{\"@id\":\"https:\/\/www.atlantica-radio.fr\/#\/schema\/person\/d40d09d6905addc783ca6d3922154cad\"},\"inLanguage\":\"fr-FR\",\"potentialAction\":[{\"@type\":\"ReadAction\",\"target\":[\"https:\/\/www.atlantica-radio.fr\/les-perles-du-bac\/\"]}]},{\"@type\":\"Person\",\"@id\":\"https:\/\/www.atlantica-radio.fr\/#\/schema\/person\/d40d09d6905addc783ca6d3922154cad\",\"name\":\"K\\u00e9vin Brustis\",\"image\":{\"@type\":\"ImageObject\",\"@id\":\"https:\/\/www.atlantica-radio.fr\/#personlogo\",\"inLanguage\":\"fr-FR\",\"url\":\"https:\/\/secure.gravatar.com\/avatar\/1a053e366c240866239aed30aec39ae0?s=96&d=mm&r=g\",\"caption\":\"K\\u00e9vin Brustis\"},\"sameAs\":[\"http:\/\/www.atlantica-radio.fr\"]}]}<\/script>\n<!-- \/ Yoast SEO plugin. -->","_links":{"self":[{"href":"https:\/\/www.atlantica-radio.fr\/api\/wp\/v2\/posts\/4870"}],"collection":[{"href":"https:\/\/www.atlantica-radio.fr\/api\/wp\/v2\/posts"}],"about":[{"href":"https:\/\/www.atlantica-radio.fr\/api\/wp\/v2\/types\/post"}],"author":[{"embeddable":true,"href":"https:\/\/www.atlantica-radio.fr\/api\/wp\/v2\/users\/3"}],"replies":[{"embeddable":true,"href":"https:\/\/www.atlantica-radio.fr\/api\/wp\/v2\/comments?post=4870"}],"version-history":[{"count":5,"href":"https:\/\/www.atlantica-radio.fr\/api\/wp\/v2\/posts\/4870\/revisions"}],"predecessor-version":[{"id":4888,"href":"https:\/\/www.atlantica-radio.fr\/api\/wp\/v2\/posts\/4870\/revisions\/4888"}],"wp:featuredmedia":[{"embeddable":true,"href":"https:\/\/www.atlantica-radio.fr\/api\/wp\/v2\/media\/4887"}],"wp:attachment":[{"href":"https:\/\/www.atlantica-radio.fr\/api\/wp\/v2\/media?parent=4870"}],"wp:term":[{"taxonomy":"category","embeddable":true,"href":"https:\/\/www.atlantica-radio.fr\/api\/wp\/v2\/categories?post=4870"},{"taxonomy":"post_tag","embeddable":true,"href":"https:\/\/www.atlantica-radio.fr\/api\/wp\/v2\/tags?post=4870"}],"curies":[{"name":"wp","href":"https:\/\/api.w.org\/{rel}","templated":true}]}}