{"id":4831,"date":"2018-05-30T12:28:39","date_gmt":"2018-05-30T10:28:39","guid":{"rendered":"http:\/\/www.atlantica-radio.fr\/?p=4831"},"modified":"2018-05-30T12:28:39","modified_gmt":"2018-05-30T10:28:39","slug":"kids-united-erza-esteban-et-gabriel-quittent-le-groupe","status":"publish","type":"post","link":"https:\/\/www.atlantica-radio.fr\/kids-united-erza-esteban-et-gabriel-quittent-le-groupe\/","title":{"rendered":"Kids United : Erza, Esteban et Gabriel quittent le groupe"},"content":{"rendered":"<p> Apr\u00e8s le triomphe, une page se tourne pour l&#8217;aventure Kids United. Sortie en 2015, la reprise de &#8220;On \u00e9crit sur les murs&#8221; par Carla, Gloria, Erza, Nilusi, Este\u00adban et Gabriel au profit de l&#8217;UNICEF a entra\u00een\u00e9 le groupe dans un v\u00e9ritable tourbillon. Devenus un ph\u00e9nom\u00e8ne, avec leurs titres &#8220;Mama Africa&#8221;, &#8220;L&#8217;oiseau et l&#8217;enfant&#8221; ou &#8220;Des ricochets&#8221;, les Kids United ont \u00e9coul\u00e9 plus de 1,6 million d&#8217;albums avec &#8220;Un monde meilleur&#8221;, &#8220;Tout le bonheur du monde&#8221; ou &#8220;Forever United&#8221;. Mais apr\u00e8s trois ann\u00e9es intenses, la bande va se renouveler. Car l&#8217;\u00e9pop\u00e9e Kids United a d&#8217;abord v\u00e9cu le d\u00e9part de Carla puis celui de Nilusi pour se lancer en solo, et maintenant ce sont trois autres membres qui ont d\u00e9cid\u00e9 de quitter le groupe !<br \/>\n<!--more--><\/p>\n<h2>Quatre nouveaux membres d\u00e9barquent !<\/h2>\n<p>Alors qu&#8217;ils \u00e9taient accompagn\u00e9s de Ilyana et Dylan, deux artistes en herbe d\u00e9couverts dans &#8220;The Voice Kids&#8221;, sur leur derni\u00e8re tourn\u00e9e, les Kids United perdent d\u00e9sormais trois autres voix embl\u00e9matiques : celles de Erza, Esteban et Gabriel. \u00ab <em>C&#8217;\u00e9tait une exp\u00e9rience inoubliable. On a pu voyager partout dans le monde pour faire des actions pour l&#8217;UNICEF. On a fait plein de concerts, des \u00e9missions, c&#8217;\u00e9tait vraiment incroyable \u00bb <\/em>confie la premi\u00e8re dans une vid\u00e9o publi\u00e9e sur les r\u00e9seaux sociaux. Erza va d\u00e9sormais se consacrer \u00e0 ses \u00e9tudes : <em>\u00ab Je vais faire une pause et apr\u00e8s, dans quelques ann\u00e9es, peut-\u00eatre faire des projets solo \u00bb<\/em>. Esteban, lui, va continuer la musique avec son cousin Diego en proposant \u00ab des chansons espagnoles \u00bb :<em> \u00ab Des trucs plus de mon style \u00bb<\/em>. De son c\u00f4t\u00e9, Gabriel aussi va commencer \u00e0 plancher sur des titres personnels.<\/p>\n<p>Mais l&#8217;aventure Kids United ne s&#8217;arr\u00eate pas pour autant. Oui, la plus jeune du groupe, Gloria, va poursuivre l&#8217;exp\u00e9rience sous le nom &#8220;Kids United, nouvelle g\u00e9n\u00e9ration&#8221;. Elle sera accompagn\u00e9e d&#8217;Ilyana et Dylan, tandis que Valentina, \u00e2g\u00e9e de huit ans, et Nathan, vont \u00e9galement int\u00e9grer la bande. La jeune candidate avait notamment marqu\u00e9 les auditions \u00e0 l&#8217;aveugle de &#8220;The Voice Kids&#8221; l&#8217;an dernier en reprenant &#8220;Tra te e il mare&#8221; de Laura Pausini. Nathan, lui, avait interpr\u00e9t\u00e9 &#8220;Catch &#038; Release&#8221; de Matt Simons mais n&#8217;avait pas convaincu M Pokora, Jenifer et Patrick. On leur souhaite bonne route !<\/p>\n","protected":false},"excerpt":{"rendered":"<p>Apr\u00e8s le triomphe, une page se tourne pour l&#8217;aventure Kids United. Sortie en 2015, la reprise de &#8220;On \u00e9crit sur les murs&#8221; par Carla, Gloria, Erza, Nilusi, Este\u00adban et Gabriel au profit de l&#8217;UNICEF a entra\u00een\u00e9 le groupe dans un v\u00e9ritable tourbillon. Devenus un ph\u00e9nom\u00e8ne, avec leurs titres &#8220;Mama Africa&#8221;, &#8220;L&#8217;oiseau et l&#8217;enfant&#8221; ou &#8220;Des [&hellip;]<\/p>\n","protected":false},"author":1,"featured_media":4832,"comment_status":"open","ping_status":"open","sticky":false,"template":"","format":"standard","meta":[],"categories":[7],"tags":[],"yoast_head":"<!-- This site is optimized with the Yoast SEO plugin v15.7 - https:\/\/yoast.com\/wordpress\/plugins\/seo\/ -->\n<title>Kids United : Erza, Esteban et Gabriel quittent le groupe - Atlantica Radio<\/title>\n<meta name=\"robots\" content=\"index, follow, max-snippet:-1, max-image-preview:large, max-video-preview:-1\" \/>\n<link rel=\"canonical\" href=\"https:\/\/www.atlantica-radio.fr\/kids-united-erza-esteban-et-gabriel-quittent-le-groupe\/\" \/>\n<meta property=\"og:locale\" content=\"fr_FR\" \/>\n<meta property=\"og:type\" content=\"article\" \/>\n<meta property=\"og:title\" content=\"Kids United : Erza, Esteban et Gabriel quittent le groupe - Atlantica Radio\" \/>\n<meta property=\"og:description\" content=\"Apr\u00e8s le triomphe, une page se tourne pour l&#8217;aventure Kids United. Sortie en 2015, la reprise de &#8220;On \u00e9crit sur les murs&#8221; par Carla, Gloria, Erza, Nilusi, Este\u00adban et Gabriel au profit de l&#8217;UNICEF a entra\u00een\u00e9 le groupe dans un v\u00e9ritable tourbillon. Devenus un ph\u00e9nom\u00e8ne, avec leurs titres &#8220;Mama Africa&#8221;, &#8220;L&#8217;oiseau et l&#8217;enfant&#8221; ou &#8220;Des [&hellip;]\" \/>\n<meta property=\"og:url\" content=\"https:\/\/www.atlantica-radio.fr\/kids-united-erza-esteban-et-gabriel-quittent-le-groupe\/\" \/>\n<meta property=\"og:site_name\" content=\"Atlantica Radio\" \/>\n<meta property=\"article:published_time\" content=\"2018-05-30T10:28:39+00:00\" \/>\n<meta property=\"og:image\" content=\"https:\/\/www.atlantica-radio.fr\/wp-content\/uploads\/2018\/05\/logo-kids-united_700.png\" \/>\n\t<meta property=\"og:image:width\" content=\"700\" \/>\n\t<meta property=\"og:image:height\" content=\"660\" \/>\n<meta name=\"twitter:card\" content=\"summary_large_image\" \/>\n<meta name=\"twitter:label1\" content=\"Dur\u00e9e de lecture est.\">\n\t<meta name=\"twitter:data1\" content=\"2 minutes\">\n<script type=\"application\/ld+json\" class=\"yoast-schema-graph\">{\"@context\":\"https:\/\/schema.org\",\"@graph\":[{\"@type\":\"WebSite\",\"@id\":\"https:\/\/www.atlantica-radio.fr\/#website\",\"url\":\"https:\/\/www.atlantica-radio.fr\/\",\"name\":\"Atlantica Radio\",\"description\":\"Au coeur du bassin d&#039;Arcachon\",\"potentialAction\":[{\"@type\":\"SearchAction\",\"target\":\"https:\/\/www.atlantica-radio.fr\/?s={search_term_string}\",\"query-input\":\"required name=search_term_string\"}],\"inLanguage\":\"fr-FR\"},{\"@type\":\"ImageObject\",\"@id\":\"https:\/\/www.atlantica-radio.fr\/kids-united-erza-esteban-et-gabriel-quittent-le-groupe\/#primaryimage\",\"inLanguage\":\"fr-FR\",\"url\":\"https:\/\/www.atlantica-radio.fr\/wp-content\/uploads\/2018\/05\/logo-kids-united_700.png\",\"width\":700,\"height\":660},{\"@type\":\"WebPage\",\"@id\":\"https:\/\/www.atlantica-radio.fr\/kids-united-erza-esteban-et-gabriel-quittent-le-groupe\/#webpage\",\"url\":\"https:\/\/www.atlantica-radio.fr\/kids-united-erza-esteban-et-gabriel-quittent-le-groupe\/\",\"name\":\"Kids United : Erza, Esteban et Gabriel quittent le groupe - Atlantica Radio\",\"isPartOf\":{\"@id\":\"https:\/\/www.atlantica-radio.fr\/#website\"},\"primaryImageOfPage\":{\"@id\":\"https:\/\/www.atlantica-radio.fr\/kids-united-erza-esteban-et-gabriel-quittent-le-groupe\/#primaryimage\"},\"datePublished\":\"2018-05-30T10:28:39+00:00\",\"dateModified\":\"2018-05-30T10:28:39+00:00\",\"author\":{\"@id\":\"https:\/\/www.atlantica-radio.fr\/#\/schema\/person\/b19fb98eefe9663e26911698b9bace48\"},\"inLanguage\":\"fr-FR\",\"potentialAction\":[{\"@type\":\"ReadAction\",\"target\":[\"https:\/\/www.atlantica-radio.fr\/kids-united-erza-esteban-et-gabriel-quittent-le-groupe\/\"]}]},{\"@type\":\"Person\",\"@id\":\"https:\/\/www.atlantica-radio.fr\/#\/schema\/person\/b19fb98eefe9663e26911698b9bace48\",\"name\":\"La r\\u00e9daction\",\"image\":{\"@type\":\"ImageObject\",\"@id\":\"https:\/\/www.atlantica-radio.fr\/#personlogo\",\"inLanguage\":\"fr-FR\",\"url\":\"https:\/\/secure.gravatar.com\/avatar\/d8fb08e72d113d4e2a666615ffdc840c?s=96&d=mm&r=g\",\"caption\":\"La r\\u00e9daction\"}}]}<\/script>\n<!-- \/ Yoast SEO plugin. -->","_links":{"self":[{"href":"https:\/\/www.atlantica-radio.fr\/api\/wp\/v2\/posts\/4831"}],"collection":[{"href":"https:\/\/www.atlantica-radio.fr\/api\/wp\/v2\/posts"}],"about":[{"href":"https:\/\/www.atlantica-radio.fr\/api\/wp\/v2\/types\/post"}],"author":[{"embeddable":true,"href":"https:\/\/www.atlantica-radio.fr\/api\/wp\/v2\/users\/1"}],"replies":[{"embeddable":true,"href":"https:\/\/www.atlantica-radio.fr\/api\/wp\/v2\/comments?post=4831"}],"version-history":[{"count":1,"href":"https:\/\/www.atlantica-radio.fr\/api\/wp\/v2\/posts\/4831\/revisions"}],"predecessor-version":[{"id":4833,"href":"https:\/\/www.atlantica-radio.fr\/api\/wp\/v2\/posts\/4831\/revisions\/4833"}],"wp:featuredmedia":[{"embeddable":true,"href":"https:\/\/www.atlantica-radio.fr\/api\/wp\/v2\/media\/4832"}],"wp:attachment":[{"href":"https:\/\/www.atlantica-radio.fr\/api\/wp\/v2\/media?parent=4831"}],"wp:term":[{"taxonomy":"category","embeddable":true,"href":"https:\/\/www.atlantica-radio.fr\/api\/wp\/v2\/categories?post=4831"},{"taxonomy":"post_tag","embeddable":true,"href":"https:\/\/www.atlantica-radio.fr\/api\/wp\/v2\/tags?post=4831"}],"curies":[{"name":"wp","href":"https:\/\/api.w.org\/{rel}","templated":true}]}}