{"id":4796,"date":"2018-04-19T16:35:32","date_gmt":"2018-04-19T14:35:32","guid":{"rendered":"http:\/\/www.atlantica-radio.fr\/?p=4796"},"modified":"2018-04-19T16:35:32","modified_gmt":"2018-04-19T14:35:32","slug":"talence-festival-odp","status":"publish","type":"post","link":"https:\/\/www.atlantica-radio.fr\/talence-festival-odp\/","title":{"rendered":"Talence : Festival ODP"},"content":{"rendered":"<p>Du vendredi 18 au dimanche 21 mai prochain, le festival ODP, au profit des Orphelins des Sapeurs-Pompiers de France, aura lieu \u00e0 Talence au parc Peixoto. Durant ces trois jours, la programmation s&#8217;annonce grandiose avec des artistes internationaux.<\/p>\n<h2>Le vendredi rythm\u00e9 par 3 artistes<\/h2>\n<p>Durant ces trois jours de festival, de nombreux artistes seront pr\u00e9sents. Le vendredi 18 mai sera rythm\u00e9 par trois artistes, dont ALT-J. Le groupe anglais a \u00e9t\u00e9 num\u00e9ro un au Royaume-Uni, num\u00e9ro quatre aux Etats-Unis ; il a \u00e9t\u00e9 nomm\u00e9 trois fois aux Brit Awards, une fois aux Grammy Awards. Il a tourn\u00e9 dans le monde entier pendant trois ans acqu\u00e9rant ainsi une immense r\u00e9putation sc\u00e9nique, \u00e0 la hauteur de la taille de ses trois musiciens et seront pr\u00e9sents sur la sc\u00e8ne du Festival ODP Talence.\u00a0 ALT-J est un groupe post-guitare pour la nouvelle g\u00e9n\u00e9ration pop. Et comme le savent les publics du monde entier, quand il s\u2019y met, il envoie s\u00e9v\u00e8re.<\/p>\n<p>Viennent s&#8217;ajouter IBEYI, les soeurs jumelles jouent partout, aux Am\u00e9riques, au Japon, au B\u00e9nin, en Europe et jusqu&#8217;en Australie.\u00a0Cette nouvelle \u00e9nergie dans la musique d&#8217;IBEYI refl\u00e8te leurs deux ann\u00e9es de tourn\u00e9es, de rencontres, de nouvelles exp\u00e9riences, de vie et d\u2019ouverture sur le monde tout simplement. Chant\u00e9es en anglais, en espagnol et en yoruba, les chansons d\u2019Ash parlent donc du racisme, des femmes ind\u00e9pendantes, des violences polici\u00e8res, du gouffre sous nos pieds, de la transmission, de la prise de conscience collective qui doit imp\u00e9rativement surgir des petites r\u00e9volutions individuelles, du courage et du r\u00e9confort.<\/p>\n<p>Pour finir cette soir\u00e9e, Da Silva sera pr\u00e9sent au Festival ODP Talence. Apr\u00e8s avoir \u00e9crit et cimpos\u00e9 pour Jenifer, Soprano, Enrico Macias, Julie Zenatti et bien d&#8217;autres, Da Silva pose sa voix sur de nouveaux morceaux.<\/p>\n<h2>Le samedi s&#8217;annonce endiabl\u00e9<\/h2>\n<p>Pour commencer le d\u00e9but de soir\u00e9e, le groupe Les N\u00e9gresses Vertes ouvrent le bal.\u00a0La tribu charismatique et tapageuse se forme dans le Paris populaire des ann\u00e9es 80, passe par le cabaret \u00e9questre Zingaro, le punk, la musique gitane. Ils donneront naissance aux N\u00e9gresses Vertes\u00a0qui restent \u00e0 ce jour un de nos repr\u00e9sentants les plus embl\u00e9matiques \u00e0 l\u2019\u00e9tranger.<br \/>\nParticuli\u00e8rement attach\u00e9 \u00e0 la Grande Bretagne d\u00e8s le d\u00e9but de sa carri\u00e8re avec le remix de Zobi par William Orbit, le groupe a donn\u00e9 des concerts m\u00e9morables en salles et festivals dont le c\u00e9l\u00e8bre Reading. La disparition tragique du chanteur Helno en 1993 marque un tournant dans l\u2019histoire du groupe. Ils se rel\u00e8veront et continueront \u00e0 produire de nouveaux albums, explorant des univers musicaux en collaborant avec Massive Attack pour le superbe remix de Face \u00e0 la Mer, ou Howie B avec l\u2019excellent album Trabendo. Ils continueront \u00e0 jouer \u00e0 travers le monde jusqu\u2019\u00e0 la s\u00e9paration du groupe en 2001. Les N\u00e9gresses Vertes sont de retour en 2018 pour nous faire\u00a0red\u00e9couvrir leurs tubes&#8230;<\/p>\n<p>C\u0153ur de pirate\u00a0fait son grand retour apr\u00e8s son passage en tant que jury \u00e0 la Nouvelle Star. Maintenant 10 ans que B\u00e9atrice Martin a fait son apparition dans nos vies sous l\u2019alias C\u0153ur de Pirate. Dix ans au cours desquels elle a vendu plus d\u2019un million d\u2019albums et donn\u00e9 de nombreux concerts dans plus de 10 pays, qui ont achev\u00e9s de faire de cette artiste une valeur s\u00fbre et f\u00e9d\u00e9ratrice sur les planches. Valeur s\u00fbre que se sont arrach\u00e9e les plus gros festivals canadiens et europ\u00e9ens, tels les FrancoFolies de la Rochelle, le Brussels Summer Festival, le festival Paradisio d\u2019Amsterdam, etc. Au printemps 2018,\u00a0C\u0153ur de Pirate revient c\u00e9l\u00e9brer ses 10 ans de carri\u00e8re avec un quatri\u00e8me album. Retrouvez-l\u00e0 en concert pour d\u00e9couvrir sur sc\u00e8ne ce nouveau r\u00e9pertoire !<\/p>\n<p>Viens ensuite Gauvain Sers, nomin\u00e9 aux Victoires de la Musique et h\u00e9ritier de Georges Brassens, Jean Ferrat et Renaud sera \u00e9galement pr\u00e9sent \u00e0 Talence.\u00a0En \u00e9coutant \u201cPourvu\u201d, qui ouvre son premier album, on peut successivement esquisser un sourire, serrer les poings, sentir ses yeux humides et surtout avoir envie de chanter \u00e0 tue- t\u00eate une m\u00e9lodie qui s\u2019inscrit d\u00e9j\u00e0 tr\u00e8s haut dans le r\u00e9pertoire de nos grandes chansons populaires.<\/p>\n<p>Pour finir, Laurent Lamarca, d\u00e9couvert avec Les Fr\u00e9ro Delavega, prend son envol et nous d\u00e9voilera son univers sur la sc\u00e8ne du Festival ODP Talence.\u00a0Laurent Lamarca auteur-compositeur-interpr\u00e8te, qui a su porter en pleine lumi\u00e8re ses plaies et ses bosses, pour revenir \u00e0 l\u2019enfance de l\u2019art.<\/p>\n<h2>Baloji boucle la programmation<\/h2>\n<p>Supr\u00eame NTM, qui ouvrira le rideau,\u00a0est un groupe de rap fran\u00e7ais compos\u00e9 de Kool Shen (Bruno Lopes), de JoeyStarr (Didier Morville) et initialement de DJ\u2019S. JoeyStarr et Kool Shen revendiquent leurs origines (ils ont grandi en Seine-Saint-Denis), c\u2019est pourquoi le groupe s\u2019appelle \u00e0 ses d\u00e9buts 93 NTM. Leurs paroles sont impr\u00e9gn\u00e9es des in\u00e9galit\u00e9s et de la violence qu\u2019ils ont connues en grandissant, ils critiquent le racisme et posent un regard r\u00e9aliste sur la situation des banlieues. Leur style musical est celui d\u2019un rap hardcore et authentique \u00e9voluant parfois vers plus de l\u00e9g\u00e8ret\u00e9 avec les titres La fi\u00e8vre et Pass pass le oinj qui ont particip\u00e9 \u00e0 faire conna\u00eetre Supr\u00eame NTM. 30 ans apr\u00e8s le d\u00e9but de carri\u00e8re du l\u00e9gendaire groupe de rap fran\u00e7ais Supr\u00eame NTM, Joeystarr et Kool Shen\u00a0sont de retour et ils nous font l\u2019honneur de rejoindre la programmation du Festival ODP ! Un concert qui promet de rester longtemps grav\u00e9 dans l\u2019histoire festival.<\/p>\n<p>Se produira juste apr\u00e8s Baloji. Apr\u00e8s avoir \u00e9t\u00e9 aur\u00e9ol\u00e9 de 4 \u00e9toiles par la presse mondiale (NY Times, Guardian, El Pais, les Inrocks\u2026) et une tourn\u00e9e de 260 concerts \u00e0 travers le monde, le sorcier-congolais multi-casquettes revient. Baloji,\u00a0dont le nom peut se traduire par \u00ab hommes de sciences occultes et de sorcellerie \u00bb en swahili concentre son travail sur la r\u00e9silience et r\u00e9ussi le tour de force de concilier ces diverses influences au service de son propos, dans une musique de collusion et de croisement, d\u00e9brid\u00e9e et lib\u00e9r\u00e9e des balises de \u00ab genres \u00bb.<\/p>\n<p>Enfin, pour clore ce festival ODP qui aura dur\u00e9 trois jours, le trio\u00a0D\u00e4tcha Mandala sera pr\u00e9sent \u00e0 Talence. Ce trio tomb\u00e9 dans la marmite d\u2019un Heavy Blues tr\u00e8s 70\u2019s,<strong>\u00a0<\/strong>D\u00e4tcha Mandala\u00a0s\u00e9duit \u00e0 grands coups de guitares surpuissantes et \u00e9lectrisantes, de voix transcendantes et d\u2019\u00e9nergie \u00e0 la g\u00e9n\u00e9rosit\u00e9 hautement communicative. Loin des r\u00e9f\u00e9rences qui assomment, les D\u00e4tcha Mandala font du Blues rock comme ils respirent, sans y penser. Parfois plus spirituel, le groupe inscrit son esth\u00e9tique musicale dans un psych\u00e9d\u00e9lisme mystique aux accents orientaux. D\u00e4tcha Mandala\u00a0a d\u00e9j\u00e0 donn\u00e9 plus de 400 concerts \u00e0 travers l\u2019Europe et viennent d\u2019enregistrer leur prochain album enti\u00e8rement en analogique avec Clive Martin.<\/p>\n<h2>Les animations du Festival<\/h2>\n<p>Durant ces trois jours, les \u00e9picuriens pourront d\u00e9guster une cuisine \u00e0 base de produits frais \u00e9labor\u00e9e par d\u2019excellents food trucks et autres prestataires. Le Wine Truck St Emilion s\u2019ajoutera\u00a0\u00e0 la proposition gustative pour le plus grand plaisir des festivaliers.<\/p>\n<div id=\"villageenfant\" class=\"avia-section alternate_color avia-section-no-padding avia-no-border-styling avia-bg-style-scroll  avia-builder-el-22  el_after_av_layout_row  el_before_av_layout_row   av-minimum-height av-minimum-height-25 container_wrap fullsize\">\n<div class=\"container\">\n<div class=\"template-page content  av-content-full alpha units\">\n<div class=\"post-entry post-entry-type-page post-entry-961\">\n<div class=\"entry-content-wrapper clearfix\">\n<div class=\"flex_column av_one_half  flex_column_div av-zero-column-padding   avia-builder-el-25  el_after_av_one_half  avia-builder-el-last  \">\n<section class=\"av_textblock_section \">\n<div class=\"avia_textblock  \">\n<p>Les plus jeunes auront le plaisir de pouvoir jouer aux sapeurs-pompiers autour de d\u00e9cors, mises en sc\u00e8ne et surtout \u00e0 bord de vrais v\u00e9hicules de sapeurs pompiers.<\/p>\n<p>Les plus \u00e2g\u00e9s se verront proposer des d\u00e9monstrations et des mises en situation afin de pr\u00e9venir et faire face aux accidents domestiques du quotidien. Cet espace\u00a0sera anim\u00e9 par Pompiers Solidaires.<\/p>\n<\/div>\n<\/section>\n<\/div>\n<\/div>\n<\/div>\n<\/div>\n<\/div>\n<\/div>\n<div id=\"av-layout-grid-5\" class=\"av-layout-grid-container entry-content-wrapper main_color av-flex-cells    avia-builder-el-28  el_after_av_section  el_before_av_section  submenu-not-first container_wrap fullsize\"><\/div>\n<p>&nbsp;<\/p>\n<p>&nbsp;<\/p>\n","protected":false},"excerpt":{"rendered":"<p>Du vendredi 18 au dimanche 21 mai prochain, le festival ODP, au profit des Orphelins des Sapeurs-Pompiers de France, aura lieu \u00e0 Talence au parc Peixoto. Durant ces trois jours, la programmation s&#8217;annonce grandiose avec des artistes internationaux. Le vendredi rythm\u00e9 par 3 artistes Durant ces trois jours de festival, de nombreux artistes seront pr\u00e9sents. [&hellip;]<\/p>\n","protected":false},"author":3,"featured_media":4797,"comment_status":"open","ping_status":"open","sticky":false,"template":"","format":"standard","meta":[],"categories":[7],"tags":[156,164,160,158,165,154,161,157,162,159,163,155],"yoast_head":"<!-- This site is optimized with the Yoast SEO plugin v15.7 - https:\/\/yoast.com\/wordpress\/plugins\/seo\/ -->\n<title>Talence : Festival ODP - Atlantica Radio<\/title>\n<meta name=\"robots\" content=\"index, follow, max-snippet:-1, max-image-preview:large, max-video-preview:-1\" \/>\n<link rel=\"canonical\" href=\"https:\/\/www.atlantica-radio.fr\/talence-festival-odp\/\" \/>\n<meta property=\"og:locale\" content=\"fr_FR\" \/>\n<meta property=\"og:type\" content=\"article\" \/>\n<meta property=\"og:title\" content=\"Talence : Festival ODP - Atlantica Radio\" \/>\n<meta property=\"og:description\" content=\"Du vendredi 18 au dimanche 21 mai prochain, le festival ODP, au profit des Orphelins des Sapeurs-Pompiers de France, aura lieu \u00e0 Talence au parc Peixoto. Durant ces trois jours, la programmation s&#8217;annonce grandiose avec des artistes internationaux. Le vendredi rythm\u00e9 par 3 artistes Durant ces trois jours de festival, de nombreux artistes seront pr\u00e9sents. [&hellip;]\" \/>\n<meta property=\"og:url\" content=\"https:\/\/www.atlantica-radio.fr\/talence-festival-odp\/\" \/>\n<meta property=\"og:site_name\" content=\"Atlantica Radio\" \/>\n<meta property=\"article:published_time\" content=\"2018-04-19T14:35:32+00:00\" \/>\n<meta property=\"og:image\" content=\"https:\/\/www.atlantica-radio.fr\/wp-content\/uploads\/2018\/04\/odp_1.jpg\" \/>\n\t<meta property=\"og:image:width\" content=\"554\" \/>\n\t<meta property=\"og:image:height\" content=\"800\" \/>\n<meta name=\"twitter:card\" content=\"summary_large_image\" \/>\n<meta name=\"twitter:label1\" content=\"Dur\u00e9e de lecture est.\">\n\t<meta name=\"twitter:data1\" content=\"6 minutes\">\n<script type=\"application\/ld+json\" class=\"yoast-schema-graph\">{\"@context\":\"https:\/\/schema.org\",\"@graph\":[{\"@type\":\"WebSite\",\"@id\":\"https:\/\/www.atlantica-radio.fr\/#website\",\"url\":\"https:\/\/www.atlantica-radio.fr\/\",\"name\":\"Atlantica Radio\",\"description\":\"Au coeur du bassin d&#039;Arcachon\",\"potentialAction\":[{\"@type\":\"SearchAction\",\"target\":\"https:\/\/www.atlantica-radio.fr\/?s={search_term_string}\",\"query-input\":\"required name=search_term_string\"}],\"inLanguage\":\"fr-FR\"},{\"@type\":\"ImageObject\",\"@id\":\"https:\/\/www.atlantica-radio.fr\/talence-festival-odp\/#primaryimage\",\"inLanguage\":\"fr-FR\",\"url\":\"https:\/\/www.atlantica-radio.fr\/wp-content\/uploads\/2018\/04\/odp_1.jpg\",\"width\":554,\"height\":800},{\"@type\":\"WebPage\",\"@id\":\"https:\/\/www.atlantica-radio.fr\/talence-festival-odp\/#webpage\",\"url\":\"https:\/\/www.atlantica-radio.fr\/talence-festival-odp\/\",\"name\":\"Talence : Festival ODP - Atlantica Radio\",\"isPartOf\":{\"@id\":\"https:\/\/www.atlantica-radio.fr\/#website\"},\"primaryImageOfPage\":{\"@id\":\"https:\/\/www.atlantica-radio.fr\/talence-festival-odp\/#primaryimage\"},\"datePublished\":\"2018-04-19T14:35:32+00:00\",\"dateModified\":\"2018-04-19T14:35:32+00:00\",\"author\":{\"@id\":\"https:\/\/www.atlantica-radio.fr\/#\/schema\/person\/d40d09d6905addc783ca6d3922154cad\"},\"inLanguage\":\"fr-FR\",\"potentialAction\":[{\"@type\":\"ReadAction\",\"target\":[\"https:\/\/www.atlantica-radio.fr\/talence-festival-odp\/\"]}]},{\"@type\":\"Person\",\"@id\":\"https:\/\/www.atlantica-radio.fr\/#\/schema\/person\/d40d09d6905addc783ca6d3922154cad\",\"name\":\"K\\u00e9vin Brustis\",\"image\":{\"@type\":\"ImageObject\",\"@id\":\"https:\/\/www.atlantica-radio.fr\/#personlogo\",\"inLanguage\":\"fr-FR\",\"url\":\"https:\/\/secure.gravatar.com\/avatar\/1a053e366c240866239aed30aec39ae0?s=96&d=mm&r=g\",\"caption\":\"K\\u00e9vin Brustis\"},\"sameAs\":[\"http:\/\/www.atlantica-radio.fr\"]}]}<\/script>\n<!-- \/ Yoast SEO plugin. -->","_links":{"self":[{"href":"https:\/\/www.atlantica-radio.fr\/api\/wp\/v2\/posts\/4796"}],"collection":[{"href":"https:\/\/www.atlantica-radio.fr\/api\/wp\/v2\/posts"}],"about":[{"href":"https:\/\/www.atlantica-radio.fr\/api\/wp\/v2\/types\/post"}],"author":[{"embeddable":true,"href":"https:\/\/www.atlantica-radio.fr\/api\/wp\/v2\/users\/3"}],"replies":[{"embeddable":true,"href":"https:\/\/www.atlantica-radio.fr\/api\/wp\/v2\/comments?post=4796"}],"version-history":[{"count":1,"href":"https:\/\/www.atlantica-radio.fr\/api\/wp\/v2\/posts\/4796\/revisions"}],"predecessor-version":[{"id":4803,"href":"https:\/\/www.atlantica-radio.fr\/api\/wp\/v2\/posts\/4796\/revisions\/4803"}],"wp:featuredmedia":[{"embeddable":true,"href":"https:\/\/www.atlantica-radio.fr\/api\/wp\/v2\/media\/4797"}],"wp:attachment":[{"href":"https:\/\/www.atlantica-radio.fr\/api\/wp\/v2\/media?parent=4796"}],"wp:term":[{"taxonomy":"category","embeddable":true,"href":"https:\/\/www.atlantica-radio.fr\/api\/wp\/v2\/categories?post=4796"},{"taxonomy":"post_tag","embeddable":true,"href":"https:\/\/www.atlantica-radio.fr\/api\/wp\/v2\/tags?post=4796"}],"curies":[{"name":"wp","href":"https:\/\/api.w.org\/{rel}","templated":true}]}}