{"id":4779,"date":"2018-04-11T14:35:21","date_gmt":"2018-04-11T12:35:21","guid":{"rendered":"http:\/\/www.atlantica-radio.fr\/?p=4779"},"modified":"2018-04-11T14:35:21","modified_gmt":"2018-04-11T12:35:21","slug":"ares-il-cree-son-entreprise-et-fait-face-a-son-handicap","status":"publish","type":"post","link":"https:\/\/www.atlantica-radio.fr\/ares-il-cree-son-entreprise-et-fait-face-a-son-handicap\/","title":{"rendered":"Ar\u00e8s : il cr\u00e9e son entreprise et fait face \u00e0 son handicap"},"content":{"rendered":"<p>Install\u00e9 \u00e0 Ar\u00e8s, sur le Bassin d&#8217;Arcachon, Romain Jougla est le patron de cette toute nouvelle soci\u00e9t\u00e9 de carte grise, qui ne d\u00e9semplit pas. Avec un papa n\u00e9gociant automobile ; Romain, handicap\u00e9 de naissance ; a eu l&#8217;id\u00e9e de cr\u00e9er une entreprise qui d\u00e9livre des cartes grises.<\/p>\n<h2>Un service extraordinaire<\/h2>\n<p>Malgr\u00e9 son \u00e9locution qui peut parfois \u00eatre difficile, les clients s&#8217;adaptent \u00e0 Romain. Selon eux, c&#8217;est un service extraordinaire car les cartes grises sont bloqu\u00e9es pendant tr\u00e8s longtemps. En effet, beaucoup d&#8217;automobilistes et de professionnels ont des difficult\u00e9s avec le nouveau syst\u00e8me &#8220;d\u00e9mat\u00e9rialis\u00e9&#8221; de l&#8217;administration.<\/p>\n<p>Aid\u00e9 de ses parents, Romain \u00e9tudie jusqu&#8217;\u00e0 20 dossiers par jour, pour d\u00e9livrer le fameux s\u00e9same en &#8220;moins de 48 heures&#8221;. Titulaire d&#8217;un Bac +2, le fait de cr\u00e9er sa propre entreprise a chang\u00e9 la vie de Romain, c&#8217;est un tournant dans sa vie. Il cite : &#8220;Je pense que c&#8217;est primordial de se lever le matin et d&#8217;avoir un but, d&#8217;avancer et d&#8217;\u00e9voluer&#8221;.\u00a0Les d\u00e9buts sont prometteurs, les automobilistes viennent de toute la r\u00e9gion de Bordeaux pour obtenir leur carte grise en moins de 48 heures, avec un prime un sourire du jeune chef d&#8217;entreprise.<\/p>\n<p>Pour Richard et Luce Jougla, ses parents, c&#8217;est un pas vers l&#8217;\u00e9panouissement de leur fils. Ils l&#8217;aident au lancement de l&#8217;entreprise qui devrait bient\u00f4t pouvoir embaucher une personne.<\/p>\n","protected":false},"excerpt":{"rendered":"<p>Install\u00e9 \u00e0 Ar\u00e8s, sur le Bassin d&#8217;Arcachon, Romain Jougla est le patron de cette toute nouvelle soci\u00e9t\u00e9 de carte grise, qui ne d\u00e9semplit pas. Avec un papa n\u00e9gociant automobile ; Romain, handicap\u00e9 de naissance ; a eu l&#8217;id\u00e9e de cr\u00e9er une entreprise qui d\u00e9livre des cartes grises. Un service extraordinaire Malgr\u00e9 son \u00e9locution qui peut [&hellip;]<\/p>\n","protected":false},"author":3,"featured_media":4781,"comment_status":"open","ping_status":"open","sticky":false,"template":"","format":"standard","meta":[],"categories":[104],"tags":[111,141,142],"yoast_head":"<!-- This site is optimized with the Yoast SEO plugin v15.7 - https:\/\/yoast.com\/wordpress\/plugins\/seo\/ -->\n<title>Ar\u00e8s : il cr\u00e9e son entreprise et fait face \u00e0 son handicap - Atlantica Radio<\/title>\n<meta name=\"robots\" content=\"index, follow, max-snippet:-1, max-image-preview:large, max-video-preview:-1\" \/>\n<link rel=\"canonical\" href=\"https:\/\/www.atlantica-radio.fr\/ares-il-cree-son-entreprise-et-fait-face-a-son-handicap\/\" \/>\n<meta property=\"og:locale\" content=\"fr_FR\" \/>\n<meta property=\"og:type\" content=\"article\" \/>\n<meta property=\"og:title\" content=\"Ar\u00e8s : il cr\u00e9e son entreprise et fait face \u00e0 son handicap - Atlantica Radio\" \/>\n<meta property=\"og:description\" content=\"Install\u00e9 \u00e0 Ar\u00e8s, sur le Bassin d&#8217;Arcachon, Romain Jougla est le patron de cette toute nouvelle soci\u00e9t\u00e9 de carte grise, qui ne d\u00e9semplit pas. Avec un papa n\u00e9gociant automobile ; Romain, handicap\u00e9 de naissance ; a eu l&#8217;id\u00e9e de cr\u00e9er une entreprise qui d\u00e9livre des cartes grises. Un service extraordinaire Malgr\u00e9 son \u00e9locution qui peut [&hellip;]\" \/>\n<meta property=\"og:url\" content=\"https:\/\/www.atlantica-radio.fr\/ares-il-cree-son-entreprise-et-fait-face-a-son-handicap\/\" \/>\n<meta property=\"og:site_name\" content=\"Atlantica Radio\" \/>\n<meta property=\"article:published_time\" content=\"2018-04-11T12:35:21+00:00\" \/>\n<meta property=\"og:image\" content=\"https:\/\/www.atlantica-radio.fr\/wp-content\/uploads\/2018\/04\/sddefault.jpg\" \/>\n\t<meta property=\"og:image:width\" content=\"571\" \/>\n\t<meta property=\"og:image:height\" content=\"362\" \/>\n<meta name=\"twitter:card\" content=\"summary_large_image\" \/>\n<meta name=\"twitter:label1\" content=\"Dur\u00e9e de lecture est.\">\n\t<meta name=\"twitter:data1\" content=\"1 minute\">\n<script type=\"application\/ld+json\" class=\"yoast-schema-graph\">{\"@context\":\"https:\/\/schema.org\",\"@graph\":[{\"@type\":\"WebSite\",\"@id\":\"https:\/\/www.atlantica-radio.fr\/#website\",\"url\":\"https:\/\/www.atlantica-radio.fr\/\",\"name\":\"Atlantica Radio\",\"description\":\"Au coeur du bassin d&#039;Arcachon\",\"potentialAction\":[{\"@type\":\"SearchAction\",\"target\":\"https:\/\/www.atlantica-radio.fr\/?s={search_term_string}\",\"query-input\":\"required name=search_term_string\"}],\"inLanguage\":\"fr-FR\"},{\"@type\":\"ImageObject\",\"@id\":\"https:\/\/www.atlantica-radio.fr\/ares-il-cree-son-entreprise-et-fait-face-a-son-handicap\/#primaryimage\",\"inLanguage\":\"fr-FR\",\"url\":\"https:\/\/www.atlantica-radio.fr\/wp-content\/uploads\/2018\/04\/sddefault.jpg\",\"width\":571,\"height\":362},{\"@type\":\"WebPage\",\"@id\":\"https:\/\/www.atlantica-radio.fr\/ares-il-cree-son-entreprise-et-fait-face-a-son-handicap\/#webpage\",\"url\":\"https:\/\/www.atlantica-radio.fr\/ares-il-cree-son-entreprise-et-fait-face-a-son-handicap\/\",\"name\":\"Ar\\u00e8s : il cr\\u00e9e son entreprise et fait face \\u00e0 son handicap - Atlantica Radio\",\"isPartOf\":{\"@id\":\"https:\/\/www.atlantica-radio.fr\/#website\"},\"primaryImageOfPage\":{\"@id\":\"https:\/\/www.atlantica-radio.fr\/ares-il-cree-son-entreprise-et-fait-face-a-son-handicap\/#primaryimage\"},\"datePublished\":\"2018-04-11T12:35:21+00:00\",\"dateModified\":\"2018-04-11T12:35:21+00:00\",\"author\":{\"@id\":\"https:\/\/www.atlantica-radio.fr\/#\/schema\/person\/55c794eb2a8b35e563d61f210eabccc3\"},\"inLanguage\":\"fr-FR\",\"potentialAction\":[{\"@type\":\"ReadAction\",\"target\":[\"https:\/\/www.atlantica-radio.fr\/ares-il-cree-son-entreprise-et-fait-face-a-son-handicap\/\"]}]},{\"@type\":\"Person\",\"@id\":\"https:\/\/www.atlantica-radio.fr\/#\/schema\/person\/55c794eb2a8b35e563d61f210eabccc3\",\"name\":\"K\\u00e9vin Brustis\",\"image\":{\"@type\":\"ImageObject\",\"@id\":\"https:\/\/www.atlantica-radio.fr\/#personlogo\",\"inLanguage\":\"fr-FR\",\"url\":\"https:\/\/secure.gravatar.com\/avatar\/1a053e366c240866239aed30aec39ae0?s=96&d=mm&r=g\",\"caption\":\"K\\u00e9vin Brustis\"},\"sameAs\":[\"http:\/\/www.atlantica-radio.fr\"]}]}<\/script>\n<!-- \/ Yoast SEO plugin. -->","_links":{"self":[{"href":"https:\/\/www.atlantica-radio.fr\/api\/wp\/v2\/posts\/4779"}],"collection":[{"href":"https:\/\/www.atlantica-radio.fr\/api\/wp\/v2\/posts"}],"about":[{"href":"https:\/\/www.atlantica-radio.fr\/api\/wp\/v2\/types\/post"}],"author":[{"embeddable":true,"href":"https:\/\/www.atlantica-radio.fr\/api\/wp\/v2\/users\/3"}],"replies":[{"embeddable":true,"href":"https:\/\/www.atlantica-radio.fr\/api\/wp\/v2\/comments?post=4779"}],"version-history":[{"count":1,"href":"https:\/\/www.atlantica-radio.fr\/api\/wp\/v2\/posts\/4779\/revisions"}],"predecessor-version":[{"id":4780,"href":"https:\/\/www.atlantica-radio.fr\/api\/wp\/v2\/posts\/4779\/revisions\/4780"}],"wp:featuredmedia":[{"embeddable":true,"href":"https:\/\/www.atlantica-radio.fr\/api\/wp\/v2\/media\/4781"}],"wp:attachment":[{"href":"https:\/\/www.atlantica-radio.fr\/api\/wp\/v2\/media?parent=4779"}],"wp:term":[{"taxonomy":"category","embeddable":true,"href":"https:\/\/www.atlantica-radio.fr\/api\/wp\/v2\/categories?post=4779"},{"taxonomy":"post_tag","embeddable":true,"href":"https:\/\/www.atlantica-radio.fr\/api\/wp\/v2\/tags?post=4779"}],"curies":[{"name":"wp","href":"https:\/\/api.w.org\/{rel}","templated":true}]}}