{"id":4739,"date":"2018-03-26T18:47:05","date_gmt":"2018-03-26T16:47:05","guid":{"rendered":"http:\/\/www.atlantica-radio.fr\/?p=4739"},"modified":"2018-03-26T18:47:05","modified_gmt":"2018-03-26T16:47:05","slug":"pourquoi-zazie-continue-the-voice","status":"publish","type":"post","link":"https:\/\/www.atlantica-radio.fr\/pourquoi-zazie-continue-the-voice\/","title":{"rendered":"Pourquoi Zazie continue The Voice ?"},"content":{"rendered":"<p> Chaque samedi soir, Zazie fait les beaux jours de TF1 dans &#8220;The Voice&#8221;. Apr\u00e8s quatre ans pass\u00e9s dans le fauteuil de coach, la chanteuse fran\u00e7aise assure ne pas ressentir de lassitude et m\u00eame de s&#8217;\u00e9panouir davantage. En prime, elle raconte ses d\u00e9buts dans le t\u00e9l\u00e9-crochet. <!--more--><\/p>\n<p> En 2015, Zazie d\u00e9barquait dans &#8220;The Voice&#8221; avec une lourde t\u00e2che sur les \u00e9paules : remplacer Garou, coach historique depuis la cr\u00e9ation de l&#8217;\u00e9mission, et rivaliser avec Jenifer dans le coeur du public. Quatre saisons plus tard, la plume de la chanson fran\u00e7aise est devenue l&#8217;un des piliers de l&#8217;\u00e9mission. Son grain de folie, ses remarques pr\u00e9cises et sa sensibilit\u00e9 apportent chaque samedi soir une bouff\u00e9e d&#8217;air frais dans le programme-phare de TF1. Rod\u00e9e \u00e0 la m\u00e9canique du t\u00e9l\u00e9-crochet, l&#8217;artiste est beaucoup plus \u00e0 l&#8217;aise aujourd&#8217;hui dans le fauteuil rouge. Et c&#8217;est elle qui le dit. \u00ab Au d\u00e9but, je manquais un peu de recul. Avant l&#8217;\u00e9preuve ultime, je ne dormais pas ! \u00c7a me rendait malade \u00e0 l\u2019id\u00e9e de devoir en \u00e9liminer certains&#8230; \u00bb affirme-t-elle dans un entretien sans fard accord\u00e9 \u00e0 TV Mag, ravie de pouvoir aujourd&#8217;hui se laisser \u00ab guider par le moment \u00bb.<\/p>\n<h2>&#8220;On n&#8217;est pas des gens de t\u00e9l\u00e9&#8221;<\/h2>\n<p>Le plus difficile pour Zazie ? Oublier les cam\u00e9ras et la fr\u00e9n\u00e9sie m\u00e9diatique autour de &#8220;The Voice&#8221;. \u00ab La premi\u00e8re \u00e9mission, j\u2019avoue, j\u2019\u00e9tais dans le contr\u00f4le. Parce que la t\u00e9l\u00e9vision n\u2019est pas forc\u00e9ment un animal que j\u2019apprivoise toujours. On n&#8217;est pas des gens de t\u00e9l\u00e9 ! Mais, m\u00eame si &#8220;The Voice&#8221; est devenu une institution, je n&#8217;ai toujours pas l\u2019impression de faire de la t\u00e9l\u00e9. Je pense que je suis juste parfaitement et imparfaitement moi-m\u00eame \u00bb confie l&#8217;interpr\u00e8te de &#8220;Pise&#8221;, qui salue la libert\u00e9 que laisse la production aux quatre coachs : \u00ab D\u00e8s qu&#8217;on entend les voix, on a 12 ans et demi, on n&#8217;est quasi m\u00eame plus dans une \u00e9mission. D&#8217;ordinaire, je ne fais pas la roue \u00e0 la t\u00e9l\u00e9 ! Pendant toutes les auditions \u00e0 l&#8217;aveugle, on n&#8217;a pas Nikos. Vous le voyez \u00e0 l\u2019antenne mais pas nous. On a juste un r\u00e9alisateur qui nous rappelle qu&#8217;il est deux heures du mat et qu\u2019il faudrait peut-\u00eatre finir ! On est tr\u00e8s libres \u00bb.<\/p>\n<h2>&#8220;On s&#8217;occupe bien des talents&#8221;<\/h2>\n<p>Pour celle qui a port\u00e9 Lilian Renaud jusqu&#8217;\u00e0 la victoire lors de la saison 4, &#8220;The Voice&#8221; n&#8217;est \u00ab pas comme les autres \u00e9missions de t\u00e9l\u00e9vision \u00bb. Presque \u00ab une bulle \u00bb. Sa singularit\u00e9 et son succ\u00e8s tiennent \u00e0 sa dimension familiale : \u00ab Les gens mettent les moyens pour que cela soit vraiment \u00e9l\u00e9gant. On s&#8217;occupe bien des talents. Si ce n&#8217;\u00e9tait pas le cas il n&#8217;y aurait pas eu plusieurs saisons \u00bb. Alors que la t\u00e9l\u00e9vision offre de moins en moins d&#8217;espace de cr\u00e9ativit\u00e9 pour les artistes, Zazie mesure sa chance et se dit fi\u00e8re de participer \u00e0 une aventure qui a r\u00e9v\u00e9l\u00e9 les talents de Louane, Amir, Kendji, Slimane, Anne Sila ou les Fr\u00e9ro Delavega.<\/p>\n<p>\u00ab Il y en a plein qui signent, il n\u2019y a pas qu\u2019un gagnant. Claudio Cap\u00e9o a \u00e9t\u00e9 \u00e9limin\u00e9 aux battles, et on voit la carri\u00e8re qu\u2019il fait. C&#8217;est vraiment comme une vitrine pour eux, c&#8217;est bien de s&#8217;en souvenir \u00bb rappelle la musicienne&#8230; sans nier les bienfaits du programme sur sa propre carri\u00e8re : \u00ab L&#8217;impact de cette \u00e9mission en termes de c\u00e9l\u00e9brit\u00e9 est juste dingue ! \u00c9videmment qu&#8217;il y a des gens qui ne connaissent pas forc\u00e9ment ma musique mais qui connaissent la coach ou la fille qui passe \u00e0 la t\u00e9l\u00e9. En m\u00eame temps, ce n&#8217;est pas trop grave car l&#8217;\u00e9mission est bienveillante \u00bb. \u00ab Franchement, je n\u2019aurais pas pens\u00e9 trouver autant de plaisir \u00e0 faire de la t\u00e9l\u00e9 \u00bb avoue-t-elle. \u00c7a tombe bien, Zazie est actuellement en studio pour enregistrer son nouvel album. Aux cr\u00e9dits, on y retrouvera un certain Calogero&#8230;<\/p>\n","protected":false},"excerpt":{"rendered":"<p>Chaque samedi soir, Zazie fait les beaux jours de TF1 dans &#8220;The Voice&#8221;. Apr\u00e8s quatre ans pass\u00e9s dans le fauteuil de coach, la chanteuse fran\u00e7aise assure ne pas ressentir de lassitude et m\u00eame de s&#8217;\u00e9panouir davantage. En prime, elle raconte ses d\u00e9buts dans le t\u00e9l\u00e9-crochet.<\/p>\n","protected":false},"author":1,"featured_media":4740,"comment_status":"open","ping_status":"open","sticky":false,"template":"","format":"standard","meta":[],"categories":[7],"tags":[133,132],"yoast_head":"<!-- This site is optimized with the Yoast SEO plugin v15.7 - https:\/\/yoast.com\/wordpress\/plugins\/seo\/ -->\n<title>Pourquoi Zazie continue The Voice ? - Atlantica Radio<\/title>\n<meta name=\"robots\" content=\"index, follow, max-snippet:-1, max-image-preview:large, max-video-preview:-1\" \/>\n<link rel=\"canonical\" href=\"https:\/\/www.atlantica-radio.fr\/pourquoi-zazie-continue-the-voice\/\" \/>\n<meta property=\"og:locale\" content=\"fr_FR\" \/>\n<meta property=\"og:type\" content=\"article\" \/>\n<meta property=\"og:title\" content=\"Pourquoi Zazie continue The Voice ? - Atlantica Radio\" \/>\n<meta property=\"og:description\" content=\"Chaque samedi soir, Zazie fait les beaux jours de TF1 dans &#8220;The Voice&#8221;. Apr\u00e8s quatre ans pass\u00e9s dans le fauteuil de coach, la chanteuse fran\u00e7aise assure ne pas ressentir de lassitude et m\u00eame de s&#8217;\u00e9panouir davantage. En prime, elle raconte ses d\u00e9buts dans le t\u00e9l\u00e9-crochet.\" \/>\n<meta property=\"og:url\" content=\"https:\/\/www.atlantica-radio.fr\/pourquoi-zazie-continue-the-voice\/\" \/>\n<meta property=\"og:site_name\" content=\"Atlantica Radio\" \/>\n<meta property=\"article:published_time\" content=\"2018-03-26T16:47:05+00:00\" \/>\n<meta property=\"og:image\" content=\"https:\/\/www.atlantica-radio.fr\/wp-content\/uploads\/2018\/03\/photo_1521827994.jpg\" \/>\n\t<meta property=\"og:image:width\" content=\"574\" \/>\n\t<meta property=\"og:image:height\" content=\"322\" \/>\n<meta name=\"twitter:card\" content=\"summary_large_image\" \/>\n<meta name=\"twitter:label1\" content=\"Dur\u00e9e de lecture est.\">\n\t<meta name=\"twitter:data1\" content=\"3 minutes\">\n<script type=\"application\/ld+json\" class=\"yoast-schema-graph\">{\"@context\":\"https:\/\/schema.org\",\"@graph\":[{\"@type\":\"WebSite\",\"@id\":\"https:\/\/www.atlantica-radio.fr\/#website\",\"url\":\"https:\/\/www.atlantica-radio.fr\/\",\"name\":\"Atlantica Radio\",\"description\":\"Au coeur du bassin d&#039;Arcachon\",\"potentialAction\":[{\"@type\":\"SearchAction\",\"target\":\"https:\/\/www.atlantica-radio.fr\/?s={search_term_string}\",\"query-input\":\"required name=search_term_string\"}],\"inLanguage\":\"fr-FR\"},{\"@type\":\"ImageObject\",\"@id\":\"https:\/\/www.atlantica-radio.fr\/pourquoi-zazie-continue-the-voice\/#primaryimage\",\"inLanguage\":\"fr-FR\",\"url\":\"https:\/\/www.atlantica-radio.fr\/wp-content\/uploads\/2018\/03\/photo_1521827994.jpg\",\"width\":574,\"height\":322},{\"@type\":\"WebPage\",\"@id\":\"https:\/\/www.atlantica-radio.fr\/pourquoi-zazie-continue-the-voice\/#webpage\",\"url\":\"https:\/\/www.atlantica-radio.fr\/pourquoi-zazie-continue-the-voice\/\",\"name\":\"Pourquoi Zazie continue The Voice ? - Atlantica Radio\",\"isPartOf\":{\"@id\":\"https:\/\/www.atlantica-radio.fr\/#website\"},\"primaryImageOfPage\":{\"@id\":\"https:\/\/www.atlantica-radio.fr\/pourquoi-zazie-continue-the-voice\/#primaryimage\"},\"datePublished\":\"2018-03-26T16:47:05+00:00\",\"dateModified\":\"2018-03-26T16:47:05+00:00\",\"author\":{\"@id\":\"https:\/\/www.atlantica-radio.fr\/#\/schema\/person\/b19fb98eefe9663e26911698b9bace48\"},\"inLanguage\":\"fr-FR\",\"potentialAction\":[{\"@type\":\"ReadAction\",\"target\":[\"https:\/\/www.atlantica-radio.fr\/pourquoi-zazie-continue-the-voice\/\"]}]},{\"@type\":\"Person\",\"@id\":\"https:\/\/www.atlantica-radio.fr\/#\/schema\/person\/b19fb98eefe9663e26911698b9bace48\",\"name\":\"La r\\u00e9daction\",\"image\":{\"@type\":\"ImageObject\",\"@id\":\"https:\/\/www.atlantica-radio.fr\/#personlogo\",\"inLanguage\":\"fr-FR\",\"url\":\"https:\/\/secure.gravatar.com\/avatar\/d8fb08e72d113d4e2a666615ffdc840c?s=96&d=mm&r=g\",\"caption\":\"La r\\u00e9daction\"}}]}<\/script>\n<!-- \/ Yoast SEO plugin. -->","_links":{"self":[{"href":"https:\/\/www.atlantica-radio.fr\/api\/wp\/v2\/posts\/4739"}],"collection":[{"href":"https:\/\/www.atlantica-radio.fr\/api\/wp\/v2\/posts"}],"about":[{"href":"https:\/\/www.atlantica-radio.fr\/api\/wp\/v2\/types\/post"}],"author":[{"embeddable":true,"href":"https:\/\/www.atlantica-radio.fr\/api\/wp\/v2\/users\/1"}],"replies":[{"embeddable":true,"href":"https:\/\/www.atlantica-radio.fr\/api\/wp\/v2\/comments?post=4739"}],"version-history":[{"count":1,"href":"https:\/\/www.atlantica-radio.fr\/api\/wp\/v2\/posts\/4739\/revisions"}],"predecessor-version":[{"id":4741,"href":"https:\/\/www.atlantica-radio.fr\/api\/wp\/v2\/posts\/4739\/revisions\/4741"}],"wp:featuredmedia":[{"embeddable":true,"href":"https:\/\/www.atlantica-radio.fr\/api\/wp\/v2\/media\/4740"}],"wp:attachment":[{"href":"https:\/\/www.atlantica-radio.fr\/api\/wp\/v2\/media?parent=4739"}],"wp:term":[{"taxonomy":"category","embeddable":true,"href":"https:\/\/www.atlantica-radio.fr\/api\/wp\/v2\/categories?post=4739"},{"taxonomy":"post_tag","embeddable":true,"href":"https:\/\/www.atlantica-radio.fr\/api\/wp\/v2\/tags?post=4739"}],"curies":[{"name":"wp","href":"https:\/\/api.w.org\/{rel}","templated":true}]}}