{"id":4736,"date":"2018-03-26T18:44:33","date_gmt":"2018-03-26T16:44:33","guid":{"rendered":"http:\/\/www.atlantica-radio.fr\/?p=4736"},"modified":"2018-03-26T18:44:33","modified_gmt":"2018-03-26T16:44:33","slug":"maitre-gims-revele-la-seule-raison-pour-laquelle-il-enlevera-ses-lunettes","status":"publish","type":"post","link":"https:\/\/www.atlantica-radio.fr\/maitre-gims-revele-la-seule-raison-pour-laquelle-il-enlevera-ses-lunettes\/","title":{"rendered":"Ma\u00eetre Gims r\u00e9v\u00e8le la seule raison pour laquelle il enl\u00e8vera ses lunettes"},"content":{"rendered":"<p> Alors qu&#8217;il publie son nouvel album &#8220;Ceinture noire&#8221;, Ma\u00eetre Gims est revenu sur ses fameuses lunettes de soleil qui ont construit sa l\u00e9gende. L&#8217;artiste r\u00e9v\u00e8le qu&#8217;il pense \u00e0 les enlever \u00e0 une seule et unique condition. Laquelle ? R\u00e9ponse !<!--more--><\/p>\n<p> Pour imposer son personnage, Ma\u00eetre Gims n&#8217;a jamais d\u00e9voil\u00e9 son visage en public sans porter ses fameuses lunettes de soleil, qui ont depuis particip\u00e9 \u00e0 entretenir le myst\u00e8re. Et il ne compte pas les quitter, pas m\u00eame pour int\u00e9grer &#8220;The Voice&#8221; en tant que coach. \u00ab Honn\u00eatement, sans les lunettes, ce n&#8217;est pas int\u00e9ressant. (&#8230;) C&#8217;est ce que je dis qui est important. Les gens veulent voir le Ma\u00eetre Gims qu&#8217;ils connaissent, avec les lunettes. Sans les lunettes, je pense qu&#8217;on perd quelque chose. Moi je serai d\u00e9\u00e7u de voir Michael Jackson ou un Johnny sans tout ce qui va autour, un Johnny super lisse. Ce n&#8217;est pas Johnny ! \u00bb a expliqu\u00e9 l&#8217;interpr\u00e8te de &#8220;Sap\u00e9s comme jamais&#8221; dans une interview \u00e0 Pure Charts il y a quelques mois. Pour l&#8217;artiste qui a annonc\u00e9 un duo avec Kendji, \u00ab les lunettes, \u00e7a aide beaucoup, c&#8217;est une barri\u00e8re \u00bb.<\/p>\n<h2>Ma\u00eetre Gims r\u00eave d&#8217;un r\u00f4le au cin\u00e9ma !<\/h2>\n<p>Alors qu&#8217;il publie son nouvel album &#8220;Ceinture noire&#8221;, riche de 40 titres dont &#8220;Corazon&#8221; avec Lil Wayne ou &#8220;Loup garou&#8221; feat. Sofiane, Ma\u00eetre Gims aborde d&#8217;ailleurs le sujet de ses lunettes noires dans &#8220;La m\u00eame&#8221; en duo avec Vianney. \u00ab C&#8217;est certes un style, mais surtout une protection. Quand je les enl\u00e8ve, on ne me reconna\u00eet pas. Je suis content d&#8217;avoir r\u00e9ussi \u00e0 pr\u00e9server cela \u00bb confie le chanteur dans les colonnes du Parisien. Et il l&#8217;assure, \u00ab ce n&#8217;\u00e9tait pas intentionnel au d\u00e9part \u00bb : \u00ab En v\u00e9rit\u00e9, je suis timide. Avec \u00e7a, je n&#8217;ai pas peur du regard des gens. Mais en v\u00e9rit\u00e9, ils ne veulent pas que je les enl\u00e8ve, car cela casserait quelque chose \u00bb. Mais Ma\u00eetre Gims se donne le droit \u00e0 une exception : lorsqu&#8217;il fera ses premiers pas d&#8217;acteur. \u00ab Si cela arrive, cela sera pour le cin\u00e9ma. J&#8217;aimerais un jour en faire. Avoir un r\u00f4le dans &#8220;Avengers&#8221;, &#8220;X-Men&#8221;, comme Omar Sy \u00bb. On lui souhaite !<\/p>\n","protected":false},"excerpt":{"rendered":"<p>Alors qu&#8217;il publie son nouvel album &#8220;Ceinture noire&#8221;, Ma\u00eetre Gims est revenu sur ses fameuses lunettes de soleil qui ont construit sa l\u00e9gende. L&#8217;artiste r\u00e9v\u00e8le qu&#8217;il pense \u00e0 les enlever \u00e0 une seule et unique condition. Laquelle ? R\u00e9ponse !<\/p>\n","protected":false},"author":1,"featured_media":4737,"comment_status":"open","ping_status":"open","sticky":false,"template":"","format":"standard","meta":[],"categories":[7],"tags":[131],"yoast_head":"<!-- This site is optimized with the Yoast SEO plugin v15.7 - https:\/\/yoast.com\/wordpress\/plugins\/seo\/ -->\n<title>Ma\u00eetre Gims r\u00e9v\u00e8le la seule raison pour laquelle il enl\u00e8vera ses lunettes - Atlantica Radio<\/title>\n<meta name=\"robots\" content=\"index, follow, max-snippet:-1, max-image-preview:large, max-video-preview:-1\" \/>\n<link rel=\"canonical\" href=\"https:\/\/www.atlantica-radio.fr\/maitre-gims-revele-la-seule-raison-pour-laquelle-il-enlevera-ses-lunettes\/\" \/>\n<meta property=\"og:locale\" content=\"fr_FR\" \/>\n<meta property=\"og:type\" content=\"article\" \/>\n<meta property=\"og:title\" content=\"Ma\u00eetre Gims r\u00e9v\u00e8le la seule raison pour laquelle il enl\u00e8vera ses lunettes - Atlantica Radio\" \/>\n<meta property=\"og:description\" content=\"Alors qu&#8217;il publie son nouvel album &#8220;Ceinture noire&#8221;, Ma\u00eetre Gims est revenu sur ses fameuses lunettes de soleil qui ont construit sa l\u00e9gende. L&#8217;artiste r\u00e9v\u00e8le qu&#8217;il pense \u00e0 les enlever \u00e0 une seule et unique condition. Laquelle ? R\u00e9ponse !\" \/>\n<meta property=\"og:url\" content=\"https:\/\/www.atlantica-radio.fr\/maitre-gims-revele-la-seule-raison-pour-laquelle-il-enlevera-ses-lunettes\/\" \/>\n<meta property=\"og:site_name\" content=\"Atlantica Radio\" \/>\n<meta property=\"article:published_time\" content=\"2018-03-26T16:44:33+00:00\" \/>\n<meta property=\"og:image\" content=\"https:\/\/www.atlantica-radio.fr\/wp-content\/uploads\/2018\/03\/photo_1522054296.jpg\" \/>\n\t<meta property=\"og:image:width\" content=\"574\" \/>\n\t<meta property=\"og:image:height\" content=\"322\" \/>\n<meta name=\"twitter:card\" content=\"summary_large_image\" \/>\n<meta name=\"twitter:label1\" content=\"Dur\u00e9e de lecture est.\">\n\t<meta name=\"twitter:data1\" content=\"2 minutes\">\n<script type=\"application\/ld+json\" class=\"yoast-schema-graph\">{\"@context\":\"https:\/\/schema.org\",\"@graph\":[{\"@type\":\"WebSite\",\"@id\":\"https:\/\/www.atlantica-radio.fr\/#website\",\"url\":\"https:\/\/www.atlantica-radio.fr\/\",\"name\":\"Atlantica Radio\",\"description\":\"Au coeur du bassin d&#039;Arcachon\",\"potentialAction\":[{\"@type\":\"SearchAction\",\"target\":\"https:\/\/www.atlantica-radio.fr\/?s={search_term_string}\",\"query-input\":\"required name=search_term_string\"}],\"inLanguage\":\"fr-FR\"},{\"@type\":\"ImageObject\",\"@id\":\"https:\/\/www.atlantica-radio.fr\/maitre-gims-revele-la-seule-raison-pour-laquelle-il-enlevera-ses-lunettes\/#primaryimage\",\"inLanguage\":\"fr-FR\",\"url\":\"https:\/\/www.atlantica-radio.fr\/wp-content\/uploads\/2018\/03\/photo_1522054296.jpg\",\"width\":574,\"height\":322,\"caption\":\"Ma\\u00eetre Gims inaugure sa statue de cire au Mus\\u00e9e Gr\\u00e9vin \\u00e0 Paris le 2 octobre 2017. \\u00a9 Marc Ausset- Lacroix \/ Bestimage | 00353697\"},{\"@type\":\"WebPage\",\"@id\":\"https:\/\/www.atlantica-radio.fr\/maitre-gims-revele-la-seule-raison-pour-laquelle-il-enlevera-ses-lunettes\/#webpage\",\"url\":\"https:\/\/www.atlantica-radio.fr\/maitre-gims-revele-la-seule-raison-pour-laquelle-il-enlevera-ses-lunettes\/\",\"name\":\"Ma\\u00eetre Gims r\\u00e9v\\u00e8le la seule raison pour laquelle il enl\\u00e8vera ses lunettes - Atlantica Radio\",\"isPartOf\":{\"@id\":\"https:\/\/www.atlantica-radio.fr\/#website\"},\"primaryImageOfPage\":{\"@id\":\"https:\/\/www.atlantica-radio.fr\/maitre-gims-revele-la-seule-raison-pour-laquelle-il-enlevera-ses-lunettes\/#primaryimage\"},\"datePublished\":\"2018-03-26T16:44:33+00:00\",\"dateModified\":\"2018-03-26T16:44:33+00:00\",\"author\":{\"@id\":\"https:\/\/www.atlantica-radio.fr\/#\/schema\/person\/b19fb98eefe9663e26911698b9bace48\"},\"inLanguage\":\"fr-FR\",\"potentialAction\":[{\"@type\":\"ReadAction\",\"target\":[\"https:\/\/www.atlantica-radio.fr\/maitre-gims-revele-la-seule-raison-pour-laquelle-il-enlevera-ses-lunettes\/\"]}]},{\"@type\":\"Person\",\"@id\":\"https:\/\/www.atlantica-radio.fr\/#\/schema\/person\/b19fb98eefe9663e26911698b9bace48\",\"name\":\"La r\\u00e9daction\",\"image\":{\"@type\":\"ImageObject\",\"@id\":\"https:\/\/www.atlantica-radio.fr\/#personlogo\",\"inLanguage\":\"fr-FR\",\"url\":\"https:\/\/secure.gravatar.com\/avatar\/d8fb08e72d113d4e2a666615ffdc840c?s=96&d=mm&r=g\",\"caption\":\"La r\\u00e9daction\"}}]}<\/script>\n<!-- \/ Yoast SEO plugin. -->","_links":{"self":[{"href":"https:\/\/www.atlantica-radio.fr\/api\/wp\/v2\/posts\/4736"}],"collection":[{"href":"https:\/\/www.atlantica-radio.fr\/api\/wp\/v2\/posts"}],"about":[{"href":"https:\/\/www.atlantica-radio.fr\/api\/wp\/v2\/types\/post"}],"author":[{"embeddable":true,"href":"https:\/\/www.atlantica-radio.fr\/api\/wp\/v2\/users\/1"}],"replies":[{"embeddable":true,"href":"https:\/\/www.atlantica-radio.fr\/api\/wp\/v2\/comments?post=4736"}],"version-history":[{"count":1,"href":"https:\/\/www.atlantica-radio.fr\/api\/wp\/v2\/posts\/4736\/revisions"}],"predecessor-version":[{"id":4738,"href":"https:\/\/www.atlantica-radio.fr\/api\/wp\/v2\/posts\/4736\/revisions\/4738"}],"wp:featuredmedia":[{"embeddable":true,"href":"https:\/\/www.atlantica-radio.fr\/api\/wp\/v2\/media\/4737"}],"wp:attachment":[{"href":"https:\/\/www.atlantica-radio.fr\/api\/wp\/v2\/media?parent=4736"}],"wp:term":[{"taxonomy":"category","embeddable":true,"href":"https:\/\/www.atlantica-radio.fr\/api\/wp\/v2\/categories?post=4736"},{"taxonomy":"post_tag","embeddable":true,"href":"https:\/\/www.atlantica-radio.fr\/api\/wp\/v2\/tags?post=4736"}],"curies":[{"name":"wp","href":"https:\/\/api.w.org\/{rel}","templated":true}]}}