{"id":4677,"date":"2018-02-21T18:48:18","date_gmt":"2018-02-21T17:48:18","guid":{"rendered":"http:\/\/www.atlantica-radio.fr\/?p=4677"},"modified":"2018-02-21T18:48:18","modified_gmt":"2018-02-21T17:48:18","slug":"louane-bientot-un-nouveau-clip-digne-dun-long-metrage","status":"publish","type":"post","link":"https:\/\/www.atlantica-radio.fr\/louane-bientot-un-nouveau-clip-digne-dun-long-metrage\/","title":{"rendered":"Louane : bient\u00f4t un nouveau clip digne d\u2019un long-m\u00e9trage"},"content":{"rendered":"<p>Dans son prochain clip, Louane m\u00e9langera ses deux passions : la musique et le cin\u00e9ma. Voici d\u2019ailleurs un premier extrait !<!--more--><br \/>\nLouane vient de nous annoncer une tr\u00e8s bonne nouvelle. Apr\u00e8s le single On \u00e9tait beau et la magnifique balade m\u00e9lancolique Si t\u2019\u00e9tais l\u00e0, la chanteuse s\u2019appr\u00eate \u00e0 d\u00e9voiler une toute nouvelle chanson issue de son denier album sobrement intitul\u00e9 Louane et sorti en novembre dernier. Dans la foul\u00e9e de cette sortie, elle nous proposera m\u00eame de d\u00e9couvrir un tout nouveau clip, dont elle vient d\u2019ailleurs de nous pr\u00e9senter un premier court extrait sur les r\u00e9seaux sociaux. Deuxi\u00e8me surprise : la jeune artiste de 21 ans n\u2019y chante pas, mais elle y joue la com\u00e9die. Une belle fa\u00e7on d\u2019allier ses deux passions : la musique et le cin\u00e9ma. <\/p>\n<p>Dans cette courte vid\u00e9o publi\u00e9e sur son compte instagram (voir ci-dessous), on la d\u00e9couvre ainsi assise au pied d\u2019un lit. Guitare \u00e0 la main, elle tente de trouver de nouveaux accords et quelques paroles pour composer une nouvelle chanson. \u00c0 ses c\u00f4t\u00e9s, un charmant jeune homme \u00e0 qui elle donne la r\u00e9plique. Ensemble, ils tentent de trouver des rimes\u2026 Un jeu de s\u00e9duction qui nous promet d\u00e9j\u00e0 un clip digne d\u2019un long-m\u00e9trage.<\/p>\n<h2>UN CLIP R\u00c9ALIS\u00c9 PAR LISA AZUELOS<\/h2>\n<p>Et pour cause, on apprend que ce prochain clip de Louane a \u00e9t\u00e9 r\u00e9alis\u00e9 par Lisa Azuelos \u00e0 qui on doit notamment les films LOL avec Sophie Marceau, Comme t\u2019y est belle ! avec Michelle Laroque ou encore Dalida avec Steva Alviti. Pour (re)d\u00e9couvrir les talents d\u2019actrice de Louane, le rendez-vous est d\u2019ores et d\u00e9j\u00e0 pris : ce sera ce vendredi 23 f\u00e9vrier.<\/p>\n<p>Louane, de son vrai nom Anne Peichert, a aussi d\u2019autres rendez-vous de pr\u00e9vus avec son public. Elle est actuellement en tourn\u00e9e dans toute la France. Elle sera prochainement Grenoble, Paris, Amiens ou encore Lille, Lyon, Montpellier et Marseille. On la retrouvera aussi au cin\u00e9ma dans le film Les Affam\u00e9s de L\u00e9a Fr\u00e9deval d\u00e8s le 27 juin 2018.<\/p>\n<blockquote class=\"instagram-media\" data-instgrm-captioned data-instgrm-permalink=\"https:\/\/www.instagram.com\/p\/BfbcvCWBFfd\/\" data-instgrm-version=\"8\" style=\" background:#FFF; border:0; border-radius:3px; box-shadow:0 0 1px 0 rgba(0,0,0,0.5),0 1px 10px 0 rgba(0,0,0,0.15); margin: 1px; max-width:658px; padding:0; width:99.375%; width:-webkit-calc(100% - 2px); width:calc(100% - 2px);\">\n<div style=\"padding:8px;\">\n<div style=\" background:#F8F8F8; line-height:0; margin-top:40px; padding:28.10185185185185% 0; text-align:center; width:100%;\">\n<div style=\" background:url(data:image\/png;base64,iVBORw0KGgoAAAANSUhEUgAAACwAAAAsCAMAAAApWqozAAAABGdBTUEAALGPC\/xhBQAAAAFzUkdCAK7OHOkAAAAMUExURczMzPf399fX1+bm5mzY9AMAAADiSURBVDjLvZXbEsMgCES5\/P8\/t9FuRVCRmU73JWlzosgSIIZURCjo\/ad+EQJJB4Hv8BFt+IDpQoCx1wjOSBFhh2XssxEIYn3ulI\/6MNReE07UIWJEv8UEOWDS88LY97kqyTliJKKtuYBbruAyVh5wOHiXmpi5we58Ek028czwyuQdLKPG1Bkb4NnM+VeAnfHqn1k4+GPT6uGQcvu2h2OVuIf\/gWUFyy8OWEpdyZSa3aVCqpVoVvzZZ2VTnn2wU8qzVjDDetO90GSy9mVLqtgYSy231MxrY6I2gGqjrTY0L8fxCxfCBbhWrsYYAAAAAElFTkSuQmCC); display:block; height:44px; margin:0 auto -44px; position:relative; top:-22px; width:44px;\"><\/div>\n<\/div>\n<p style=\" margin:8px 0 0 0; padding:0 4px;\"> <a href=\"https:\/\/www.instagram.com\/p\/BfbcvCWBFfd\/\" style=\" color:#000; font-family:Arial,sans-serif; font-size:14px; font-style:normal; font-weight:normal; line-height:17px; text-decoration:none; word-wrap:break-word;\" target=\"_blank\">#NouveauClip #Bient\u00f4t @lisazuelos<\/a><\/p>\n<p style=\" color:#c9c8cd; font-family:Arial,sans-serif; font-size:14px; line-height:17px; margin-bottom:0; margin-top:8px; overflow:hidden; padding:8px 0 7px; text-align:center; text-overflow:ellipsis; white-space:nowrap;\">Une publication partag\u00e9e par <a href=\"https:\/\/www.instagram.com\/louane\/\" style=\" color:#c9c8cd; font-family:Arial,sans-serif; font-size:14px; font-style:normal; font-weight:normal; line-height:17px;\" target=\"_blank\"> Louane &#x2764;<\/a> (@louane) le <time style=\" font-family:Arial,sans-serif; font-size:14px; line-height:17px;\" datetime=\"2018-02-20T18:42:36+00:00\">20 F\u00e9vr. 2018 \u00e0 10 :42 PST<\/time><\/p>\n<\/div>\n<\/blockquote>\n<p><script async defer src=\"\/\/www.instagram.com\/embed.js\"><\/script><\/p>\n","protected":false},"excerpt":{"rendered":"<p>Dans son prochain clip, Louane m\u00e9langera ses deux passions : la musique et le cin\u00e9ma. Voici d\u2019ailleurs un premier extrait !<\/p>\n","protected":false},"author":1,"featured_media":4678,"comment_status":"open","ping_status":"open","sticky":false,"template":"","format":"standard","meta":[],"categories":[7],"tags":[],"yoast_head":"<!-- This site is optimized with the Yoast SEO plugin v15.7 - https:\/\/yoast.com\/wordpress\/plugins\/seo\/ -->\n<title>Louane : bient\u00f4t un nouveau clip digne d\u2019un long-m\u00e9trage - Atlantica Radio<\/title>\n<meta name=\"robots\" content=\"index, follow, max-snippet:-1, max-image-preview:large, max-video-preview:-1\" \/>\n<link rel=\"canonical\" href=\"https:\/\/www.atlantica-radio.fr\/louane-bientot-un-nouveau-clip-digne-dun-long-metrage\/\" \/>\n<meta property=\"og:locale\" content=\"fr_FR\" \/>\n<meta property=\"og:type\" content=\"article\" \/>\n<meta property=\"og:title\" content=\"Louane : bient\u00f4t un nouveau clip digne d\u2019un long-m\u00e9trage - Atlantica Radio\" \/>\n<meta property=\"og:description\" content=\"Dans son prochain clip, Louane m\u00e9langera ses deux passions : la musique et le cin\u00e9ma. Voici d\u2019ailleurs un premier extrait !\" \/>\n<meta property=\"og:url\" content=\"https:\/\/www.atlantica-radio.fr\/louane-bientot-un-nouveau-clip-digne-dun-long-metrage\/\" \/>\n<meta property=\"og:site_name\" content=\"Atlantica Radio\" \/>\n<meta property=\"article:published_time\" content=\"2018-02-21T17:48:18+00:00\" \/>\n<meta property=\"og:image\" content=\"https:\/\/www.atlantica-radio.fr\/wp-content\/uploads\/2018\/02\/louane-chansons.jpg\" \/>\n\t<meta property=\"og:image:width\" content=\"218\" \/>\n\t<meta property=\"og:image:height\" content=\"273\" \/>\n<meta name=\"twitter:card\" content=\"summary_large_image\" \/>\n<meta name=\"twitter:label1\" content=\"Dur\u00e9e de lecture est.\">\n\t<meta name=\"twitter:data1\" content=\"2 minutes\">\n<script type=\"application\/ld+json\" class=\"yoast-schema-graph\">{\"@context\":\"https:\/\/schema.org\",\"@graph\":[{\"@type\":\"WebSite\",\"@id\":\"https:\/\/www.atlantica-radio.fr\/#website\",\"url\":\"https:\/\/www.atlantica-radio.fr\/\",\"name\":\"Atlantica Radio\",\"description\":\"Au coeur du bassin d&#039;Arcachon\",\"potentialAction\":[{\"@type\":\"SearchAction\",\"target\":\"https:\/\/www.atlantica-radio.fr\/?s={search_term_string}\",\"query-input\":\"required name=search_term_string\"}],\"inLanguage\":\"fr-FR\"},{\"@type\":\"ImageObject\",\"@id\":\"https:\/\/www.atlantica-radio.fr\/louane-bientot-un-nouveau-clip-digne-dun-long-metrage\/#primaryimage\",\"inLanguage\":\"fr-FR\",\"url\":\"https:\/\/www.atlantica-radio.fr\/wp-content\/uploads\/2018\/02\/louane-chansons.jpg\",\"width\":218,\"height\":273},{\"@type\":\"WebPage\",\"@id\":\"https:\/\/www.atlantica-radio.fr\/louane-bientot-un-nouveau-clip-digne-dun-long-metrage\/#webpage\",\"url\":\"https:\/\/www.atlantica-radio.fr\/louane-bientot-un-nouveau-clip-digne-dun-long-metrage\/\",\"name\":\"Louane : bient\\u00f4t un nouveau clip digne d\\u2019un long-m\\u00e9trage - Atlantica Radio\",\"isPartOf\":{\"@id\":\"https:\/\/www.atlantica-radio.fr\/#website\"},\"primaryImageOfPage\":{\"@id\":\"https:\/\/www.atlantica-radio.fr\/louane-bientot-un-nouveau-clip-digne-dun-long-metrage\/#primaryimage\"},\"datePublished\":\"2018-02-21T17:48:18+00:00\",\"dateModified\":\"2018-02-21T17:48:18+00:00\",\"author\":{\"@id\":\"https:\/\/www.atlantica-radio.fr\/#\/schema\/person\/b19fb98eefe9663e26911698b9bace48\"},\"inLanguage\":\"fr-FR\",\"potentialAction\":[{\"@type\":\"ReadAction\",\"target\":[\"https:\/\/www.atlantica-radio.fr\/louane-bientot-un-nouveau-clip-digne-dun-long-metrage\/\"]}]},{\"@type\":\"Person\",\"@id\":\"https:\/\/www.atlantica-radio.fr\/#\/schema\/person\/b19fb98eefe9663e26911698b9bace48\",\"name\":\"La r\\u00e9daction\",\"image\":{\"@type\":\"ImageObject\",\"@id\":\"https:\/\/www.atlantica-radio.fr\/#personlogo\",\"inLanguage\":\"fr-FR\",\"url\":\"https:\/\/secure.gravatar.com\/avatar\/d8fb08e72d113d4e2a666615ffdc840c?s=96&d=mm&r=g\",\"caption\":\"La r\\u00e9daction\"}}]}<\/script>\n<!-- \/ Yoast SEO plugin. -->","_links":{"self":[{"href":"https:\/\/www.atlantica-radio.fr\/api\/wp\/v2\/posts\/4677"}],"collection":[{"href":"https:\/\/www.atlantica-radio.fr\/api\/wp\/v2\/posts"}],"about":[{"href":"https:\/\/www.atlantica-radio.fr\/api\/wp\/v2\/types\/post"}],"author":[{"embeddable":true,"href":"https:\/\/www.atlantica-radio.fr\/api\/wp\/v2\/users\/1"}],"replies":[{"embeddable":true,"href":"https:\/\/www.atlantica-radio.fr\/api\/wp\/v2\/comments?post=4677"}],"version-history":[{"count":1,"href":"https:\/\/www.atlantica-radio.fr\/api\/wp\/v2\/posts\/4677\/revisions"}],"predecessor-version":[{"id":4679,"href":"https:\/\/www.atlantica-radio.fr\/api\/wp\/v2\/posts\/4677\/revisions\/4679"}],"wp:featuredmedia":[{"embeddable":true,"href":"https:\/\/www.atlantica-radio.fr\/api\/wp\/v2\/media\/4678"}],"wp:attachment":[{"href":"https:\/\/www.atlantica-radio.fr\/api\/wp\/v2\/media?parent=4677"}],"wp:term":[{"taxonomy":"category","embeddable":true,"href":"https:\/\/www.atlantica-radio.fr\/api\/wp\/v2\/categories?post=4677"},{"taxonomy":"post_tag","embeddable":true,"href":"https:\/\/www.atlantica-radio.fr\/api\/wp\/v2\/tags?post=4677"}],"curies":[{"name":"wp","href":"https:\/\/api.w.org\/{rel}","templated":true}]}}