{"id":4579,"date":"2018-01-10T23:30:37","date_gmt":"2018-01-10T22:30:37","guid":{"rendered":"http:\/\/www.atlantica-radio.fr\/?p=4579"},"modified":"2018-01-10T23:30:37","modified_gmt":"2018-01-10T22:30:37","slug":"finn-mccool-21-janvier-ares","status":"publish","type":"post","link":"https:\/\/www.atlantica-radio.fr\/finn-mccool-21-janvier-ares\/","title":{"rendered":"FINN McCOOL Dimanche 21 janvier \u00e0 Ar\u00e8s"},"content":{"rendered":"<p>La belle terre d\u2019Irlande, tout \u00e0 l\u2019ouest de l\u2019Europe, ne regorge pas seulement de musique. Ses vertes vall\u00e9es sont aussi hant\u00e9es par une fabuleuse mythologie, d\u00e9nombrant de multiples dieux, des g\u00e9ants et les fameux leprechauns, ces lutins malicieux et bougons qui n\u2019en font qu\u2019\u00e0 leur t\u00eate.<!--more--><\/p>\n<p>C\u2019est au coeur de cette Irlande magique que nous entra\u00eene le duo virtuose form\u00e9 par Agn\u00e8s, au r\u00e9cit et \u00e0 la contrebasse, et Joseph Doherty, compositeur et multi-instrumentiste, irlandais jusqu\u2019au bout des ongles. Aux sons du fiddle, de la mandoline, de la contrebasse et de nombreux autres instruments typiques, ils font jaillir du creux de leurs mains toute la richesse de cette culture, son humour, sa g\u00e9n\u00e9rosit\u00e9 et sa beaut\u00e9 : du rythme, des rires et du coeur ! Le l\u00e9gendaire Finn Mc Cool, le barde Turlough O\u2019Carolan et les f\u00e9es n\u2019auront plus de secrets pour les petits curieux&#8230;<\/p>\n<p>Agn\u00e8s Doherty chant et r\u00e9cit, contrebasse<br \/>\nJoseph Doherty chant, violon, mandoline, fl\u00fbte, bodhran, guitare, clarinette basse, tin whistle.<\/p>\n<p>Mise en sc\u00e8ne Renaud Cojo<\/p>\n<p>Sc\u00e9nographie \u00c9ric Charbeau et Philippe Casaban<\/p>\n<p>Lumi\u00e8res : Eric Blosse<\/p>\n<p>Musique Joseph Doherty et traditionnels irlandais<\/p>\n<p>Dur\u00e9e : 50 min<br \/>\nSpectacle familial.<\/p>\n<p>Entr\u00e9e libre et gratuite dimanche 21 janvier \u00e0 16 heures salle Brelontier \u00e0 Ar\u00e8s, dans la limite des places disponibles.<\/p>\n","protected":false},"excerpt":{"rendered":"<p>La belle terre d\u2019Irlande, tout \u00e0 l\u2019ouest de l\u2019Europe, ne regorge pas seulement de musique. Ses vertes vall\u00e9es sont aussi hant\u00e9es par une fabuleuse mythologie, d\u00e9nombrant de multiples dieux, des g\u00e9ants et les fameux leprechauns, ces lutins malicieux et bougons qui n\u2019en font qu\u2019\u00e0 leur t\u00eate.<\/p>\n","protected":false},"author":3,"featured_media":4580,"comment_status":"open","ping_status":"open","sticky":false,"template":"","format":"standard","meta":[],"categories":[104],"tags":[109,111,110],"yoast_head":"<!-- This site is optimized with the Yoast SEO plugin v15.7 - https:\/\/yoast.com\/wordpress\/plugins\/seo\/ -->\n<title>FINN McCOOL Dimanche 21 janvier \u00e0 Ar\u00e8s - Atlantica Radio<\/title>\n<meta name=\"robots\" content=\"index, follow, max-snippet:-1, max-image-preview:large, max-video-preview:-1\" \/>\n<link rel=\"canonical\" href=\"https:\/\/www.atlantica-radio.fr\/finn-mccool-21-janvier-ares\/\" \/>\n<meta property=\"og:locale\" content=\"fr_FR\" \/>\n<meta property=\"og:type\" content=\"article\" \/>\n<meta property=\"og:title\" content=\"FINN McCOOL Dimanche 21 janvier \u00e0 Ar\u00e8s - Atlantica Radio\" \/>\n<meta property=\"og:description\" content=\"La belle terre d\u2019Irlande, tout \u00e0 l\u2019ouest de l\u2019Europe, ne regorge pas seulement de musique. Ses vertes vall\u00e9es sont aussi hant\u00e9es par une fabuleuse mythologie, d\u00e9nombrant de multiples dieux, des g\u00e9ants et les fameux leprechauns, ces lutins malicieux et bougons qui n\u2019en font qu\u2019\u00e0 leur t\u00eate.\" \/>\n<meta property=\"og:url\" content=\"https:\/\/www.atlantica-radio.fr\/finn-mccool-21-janvier-ares\/\" \/>\n<meta property=\"og:site_name\" content=\"Atlantica Radio\" \/>\n<meta property=\"article:published_time\" content=\"2018-01-10T22:30:37+00:00\" \/>\n<meta property=\"og:image\" content=\"https:\/\/www.atlantica-radio.fr\/wp-content\/uploads\/2018\/01\/D62A512D-14FB-4900-B8EC-D3219A706B94-683x1024.jpeg\" \/>\n\t<meta property=\"og:image:width\" content=\"683\" \/>\n\t<meta property=\"og:image:height\" content=\"1024\" \/>\n<meta name=\"twitter:card\" content=\"summary_large_image\" \/>\n<meta name=\"twitter:label1\" content=\"Dur\u00e9e de lecture est.\">\n\t<meta name=\"twitter:data1\" content=\"1 minute\">\n<script type=\"application\/ld+json\" class=\"yoast-schema-graph\">{\"@context\":\"https:\/\/schema.org\",\"@graph\":[{\"@type\":\"WebSite\",\"@id\":\"https:\/\/www.atlantica-radio.fr\/#website\",\"url\":\"https:\/\/www.atlantica-radio.fr\/\",\"name\":\"Atlantica Radio\",\"description\":\"Au coeur du bassin d&#039;Arcachon\",\"potentialAction\":[{\"@type\":\"SearchAction\",\"target\":\"https:\/\/www.atlantica-radio.fr\/?s={search_term_string}\",\"query-input\":\"required name=search_term_string\"}],\"inLanguage\":\"fr-FR\"},{\"@type\":\"ImageObject\",\"@id\":\"https:\/\/www.atlantica-radio.fr\/finn-mccool-21-janvier-ares\/#primaryimage\",\"inLanguage\":\"fr-FR\",\"url\":\"https:\/\/www.atlantica-radio.fr\/wp-content\/uploads\/2018\/01\/D62A512D-14FB-4900-B8EC-D3219A706B94.jpeg\",\"width\":2362,\"height\":3543,\"caption\":\"\\u00a9 Guillaume ROUMEGUERE - diffusion soumise \\u00e0 autorisation - www.roumeguere.com\"},{\"@type\":\"WebPage\",\"@id\":\"https:\/\/www.atlantica-radio.fr\/finn-mccool-21-janvier-ares\/#webpage\",\"url\":\"https:\/\/www.atlantica-radio.fr\/finn-mccool-21-janvier-ares\/\",\"name\":\"FINN McCOOL Dimanche 21 janvier \\u00e0 Ar\\u00e8s - Atlantica Radio\",\"isPartOf\":{\"@id\":\"https:\/\/www.atlantica-radio.fr\/#website\"},\"primaryImageOfPage\":{\"@id\":\"https:\/\/www.atlantica-radio.fr\/finn-mccool-21-janvier-ares\/#primaryimage\"},\"datePublished\":\"2018-01-10T22:30:37+00:00\",\"dateModified\":\"2018-01-10T22:30:37+00:00\",\"author\":{\"@id\":\"https:\/\/www.atlantica-radio.fr\/#\/schema\/person\/55c794eb2a8b35e563d61f210eabccc3\"},\"inLanguage\":\"fr-FR\",\"potentialAction\":[{\"@type\":\"ReadAction\",\"target\":[\"https:\/\/www.atlantica-radio.fr\/finn-mccool-21-janvier-ares\/\"]}]},{\"@type\":\"Person\",\"@id\":\"https:\/\/www.atlantica-radio.fr\/#\/schema\/person\/55c794eb2a8b35e563d61f210eabccc3\",\"name\":\"K\\u00e9vin Brustis\",\"image\":{\"@type\":\"ImageObject\",\"@id\":\"https:\/\/www.atlantica-radio.fr\/#personlogo\",\"inLanguage\":\"fr-FR\",\"url\":\"https:\/\/secure.gravatar.com\/avatar\/1a053e366c240866239aed30aec39ae0?s=96&d=mm&r=g\",\"caption\":\"K\\u00e9vin Brustis\"},\"sameAs\":[\"http:\/\/www.atlantica-radio.fr\"]}]}<\/script>\n<!-- \/ Yoast SEO plugin. -->","_links":{"self":[{"href":"https:\/\/www.atlantica-radio.fr\/api\/wp\/v2\/posts\/4579"}],"collection":[{"href":"https:\/\/www.atlantica-radio.fr\/api\/wp\/v2\/posts"}],"about":[{"href":"https:\/\/www.atlantica-radio.fr\/api\/wp\/v2\/types\/post"}],"author":[{"embeddable":true,"href":"https:\/\/www.atlantica-radio.fr\/api\/wp\/v2\/users\/3"}],"replies":[{"embeddable":true,"href":"https:\/\/www.atlantica-radio.fr\/api\/wp\/v2\/comments?post=4579"}],"version-history":[{"count":1,"href":"https:\/\/www.atlantica-radio.fr\/api\/wp\/v2\/posts\/4579\/revisions"}],"predecessor-version":[{"id":4581,"href":"https:\/\/www.atlantica-radio.fr\/api\/wp\/v2\/posts\/4579\/revisions\/4581"}],"wp:featuredmedia":[{"embeddable":true,"href":"https:\/\/www.atlantica-radio.fr\/api\/wp\/v2\/media\/4580"}],"wp:attachment":[{"href":"https:\/\/www.atlantica-radio.fr\/api\/wp\/v2\/media?parent=4579"}],"wp:term":[{"taxonomy":"category","embeddable":true,"href":"https:\/\/www.atlantica-radio.fr\/api\/wp\/v2\/categories?post=4579"},{"taxonomy":"post_tag","embeddable":true,"href":"https:\/\/www.atlantica-radio.fr\/api\/wp\/v2\/tags?post=4579"}],"curies":[{"name":"wp","href":"https:\/\/api.w.org\/{rel}","templated":true}]}}