{"id":443,"date":"2018-01-02T14:05:18","date_gmt":"2018-01-02T13:05:18","guid":{"rendered":"http:\/\/qantumthemes.xyz\/sonik\/demo0\/?p=443"},"modified":"2018-10-10T12:27:34","modified_gmt":"2018-10-10T10:27:34","slug":"2018-une-nouvelle-annee-pour-la-generation-atlantica","status":"publish","type":"post","link":"https:\/\/www.atlantica-radio.fr\/2018-une-nouvelle-annee-pour-la-generation-atlantica\/","title":{"rendered":"2018 : une nouvelle ann\u00e9e pour la G\u00e9n\u00e9ration Atlantica"},"content":{"rendered":"<p>Depuis 2013, Atlantica met en avant les artistes du pays bassin d&#8217;Arcachon &#8211; Val de l&#8217;Eyre, et de la r\u00e9gion Nouvelle-Aquitaine.<!--more--><\/p>\n<p>D\u00e9couvrez l&#8217;\u00e9mission G\u00e9n\u00e9ration Atlantica : le classement des artistes locaux. Vous d\u00e9cidez du classement Atlantica en votant sur la page Facebook <a href=\"https:\/\/www.facebook.com\/atlanticalaradio\">Atlantica Radio<\/a>.<\/p>\n<p><img loading=\"lazy\" class=\"size-medium wp-image-3931 aligncenter\" src=\"http:\/\/atlantica-radio.fr\/v2\/wp-content\/uploads\/2017\/12\/generation_atlantica_video-300x177.png\" alt=\"\" width=\"300\" height=\"177\" srcset=\"https:\/\/www.atlantica-radio.fr\/wp-content\/uploads\/2017\/12\/generation_atlantica_video-300x177.png 300w, https:\/\/www.atlantica-radio.fr\/wp-content\/uploads\/2017\/12\/generation_atlantica_video.png 355w\" sizes=\"(max-width: 300px) 100vw, 300px\" \/><\/p>\n<p>Lors de chaque \u00e9mission, l&#8217;\u00e9quipe revient sur les artistes en lice du classement, avec les coups de coeur des auditeurs et vous fait d\u00e9couvrir un nouveau talent en direct.<\/p>\n<p>Vous \u00eates un artiste local ? Contactez-nous d\u00e8s maintenant pour tenter votre chance et faire partie, vous aussi, de la G\u00e9n\u00e9ration Atlantica.<\/p>\n","protected":false},"excerpt":{"rendered":"<p>Depuis 2013, Atlantica met en avant les artistes du pays bassin d&#8217;Arcachon &#8211; Val de l&#8217;Eyre, et de la r\u00e9gion Nouvelle-Aquitaine.<\/p>\n","protected":false},"author":1,"featured_media":4028,"comment_status":"closed","ping_status":"open","sticky":false,"template":"","format":"standard","meta":[],"categories":[7],"tags":[],"yoast_head":"<!-- This site is optimized with the Yoast SEO plugin v15.7 - https:\/\/yoast.com\/wordpress\/plugins\/seo\/ -->\n<title>2018 : une nouvelle ann\u00e9e pour la G\u00e9n\u00e9ration Atlantica - Atlantica Radio<\/title>\n<meta name=\"robots\" content=\"index, follow, max-snippet:-1, max-image-preview:large, max-video-preview:-1\" \/>\n<link rel=\"canonical\" href=\"https:\/\/www.atlantica-radio.fr\/2018-une-nouvelle-annee-pour-la-generation-atlantica\/\" \/>\n<meta property=\"og:locale\" content=\"fr_FR\" \/>\n<meta property=\"og:type\" content=\"article\" \/>\n<meta property=\"og:title\" content=\"2018 : une nouvelle ann\u00e9e pour la G\u00e9n\u00e9ration Atlantica - Atlantica Radio\" \/>\n<meta property=\"og:description\" content=\"Depuis 2013, Atlantica met en avant les artistes du pays bassin d&#8217;Arcachon &#8211; Val de l&#8217;Eyre, et de la r\u00e9gion Nouvelle-Aquitaine.\" \/>\n<meta property=\"og:url\" content=\"https:\/\/www.atlantica-radio.fr\/2018-une-nouvelle-annee-pour-la-generation-atlantica\/\" \/>\n<meta property=\"og:site_name\" content=\"Atlantica Radio\" \/>\n<meta property=\"article:published_time\" content=\"2018-01-02T13:05:18+00:00\" \/>\n<meta property=\"article:modified_time\" content=\"2018-10-10T10:27:34+00:00\" \/>\n<meta property=\"og:image\" content=\"https:\/\/www.atlantica-radio.fr\/wp-content\/uploads\/2016\/05\/14589902_416350751885661_4816735421651570290_o.jpg\" \/>\n\t<meta property=\"og:image:width\" content=\"1960\" \/>\n\t<meta property=\"og:image:height\" content=\"1334\" \/>\n<meta name=\"twitter:card\" content=\"summary_large_image\" \/>\n<meta name=\"twitter:label1\" content=\"Dur\u00e9e de lecture est.\">\n\t<meta name=\"twitter:data1\" content=\"1 minute\">\n<script type=\"application\/ld+json\" class=\"yoast-schema-graph\">{\"@context\":\"https:\/\/schema.org\",\"@graph\":[{\"@type\":\"WebSite\",\"@id\":\"https:\/\/www.atlantica-radio.fr\/#website\",\"url\":\"https:\/\/www.atlantica-radio.fr\/\",\"name\":\"Atlantica Radio\",\"description\":\"Au coeur du bassin d&#039;Arcachon\",\"potentialAction\":[{\"@type\":\"SearchAction\",\"target\":\"https:\/\/www.atlantica-radio.fr\/?s={search_term_string}\",\"query-input\":\"required name=search_term_string\"}],\"inLanguage\":\"fr-FR\"},{\"@type\":\"ImageObject\",\"@id\":\"https:\/\/www.atlantica-radio.fr\/2018-une-nouvelle-annee-pour-la-generation-atlantica\/#primaryimage\",\"inLanguage\":\"fr-FR\",\"url\":\"https:\/\/www.atlantica-radio.fr\/wp-content\/uploads\/2016\/05\/14589902_416350751885661_4816735421651570290_o.jpg\",\"width\":1960,\"height\":1334},{\"@type\":\"WebPage\",\"@id\":\"https:\/\/www.atlantica-radio.fr\/2018-une-nouvelle-annee-pour-la-generation-atlantica\/#webpage\",\"url\":\"https:\/\/www.atlantica-radio.fr\/2018-une-nouvelle-annee-pour-la-generation-atlantica\/\",\"name\":\"2018 : une nouvelle ann\\u00e9e pour la G\\u00e9n\\u00e9ration Atlantica - Atlantica Radio\",\"isPartOf\":{\"@id\":\"https:\/\/www.atlantica-radio.fr\/#website\"},\"primaryImageOfPage\":{\"@id\":\"https:\/\/www.atlantica-radio.fr\/2018-une-nouvelle-annee-pour-la-generation-atlantica\/#primaryimage\"},\"datePublished\":\"2018-01-02T13:05:18+00:00\",\"dateModified\":\"2018-10-10T10:27:34+00:00\",\"author\":{\"@id\":\"https:\/\/www.atlantica-radio.fr\/#\/schema\/person\/1ecb64b6771f00df5d8614c5a6f9495e\"},\"inLanguage\":\"fr-FR\",\"potentialAction\":[{\"@type\":\"ReadAction\",\"target\":[\"https:\/\/www.atlantica-radio.fr\/2018-une-nouvelle-annee-pour-la-generation-atlantica\/\"]}]},{\"@type\":\"Person\",\"@id\":\"https:\/\/www.atlantica-radio.fr\/#\/schema\/person\/1ecb64b6771f00df5d8614c5a6f9495e\",\"name\":\"La r\\u00e9daction\",\"image\":{\"@type\":\"ImageObject\",\"@id\":\"https:\/\/www.atlantica-radio.fr\/#personlogo\",\"inLanguage\":\"fr-FR\",\"url\":\"https:\/\/secure.gravatar.com\/avatar\/d8fb08e72d113d4e2a666615ffdc840c?s=96&d=mm&r=g\",\"caption\":\"La r\\u00e9daction\"}}]}<\/script>\n<!-- \/ Yoast SEO plugin. -->","_links":{"self":[{"href":"https:\/\/www.atlantica-radio.fr\/api\/wp\/v2\/posts\/443"}],"collection":[{"href":"https:\/\/www.atlantica-radio.fr\/api\/wp\/v2\/posts"}],"about":[{"href":"https:\/\/www.atlantica-radio.fr\/api\/wp\/v2\/types\/post"}],"author":[{"embeddable":true,"href":"https:\/\/www.atlantica-radio.fr\/api\/wp\/v2\/users\/1"}],"replies":[{"embeddable":true,"href":"https:\/\/www.atlantica-radio.fr\/api\/wp\/v2\/comments?post=443"}],"version-history":[{"count":4,"href":"https:\/\/www.atlantica-radio.fr\/api\/wp\/v2\/posts\/443\/revisions"}],"predecessor-version":[{"id":3972,"href":"https:\/\/www.atlantica-radio.fr\/api\/wp\/v2\/posts\/443\/revisions\/3972"}],"wp:featuredmedia":[{"embeddable":true,"href":"https:\/\/www.atlantica-radio.fr\/api\/wp\/v2\/media\/4028"}],"wp:attachment":[{"href":"https:\/\/www.atlantica-radio.fr\/api\/wp\/v2\/media?parent=443"}],"wp:term":[{"taxonomy":"category","embeddable":true,"href":"https:\/\/www.atlantica-radio.fr\/api\/wp\/v2\/categories?post=443"},{"taxonomy":"post_tag","embeddable":true,"href":"https:\/\/www.atlantica-radio.fr\/api\/wp\/v2\/tags?post=443"}],"curies":[{"name":"wp","href":"https:\/\/api.w.org\/{rel}","templated":true}]}}