{"id":4066,"date":"2018-01-02T17:52:52","date_gmt":"2018-01-02T16:52:52","guid":{"rendered":"http:\/\/www.atlantica-radio.fr\/v2\/?p=4066"},"modified":"2018-01-10T00:09:10","modified_gmt":"2018-01-09T23:09:10","slug":"iam-au-velodrome-darcachon-le-3-aout","status":"publish","type":"post","link":"https:\/\/www.atlantica-radio.fr\/iam-au-velodrome-darcachon-le-3-aout\/","title":{"rendered":"IAM au V\u00e9lodrome d&#8217;Arcachon le 3 ao\u00fbt"},"content":{"rendered":"<p>Le groupe de rap marseillais IAM sera sur la sc\u00e8ne du V\u00e9lodrome le vendredi 3 ao\u00fbt \u00e0 21h30. L\u2019occasion de f\u00eater les 20 ans de l\u2019album &#8221; L\u2019\u00e9cole du micro d\u2019argent&#8221;.<\/p>\n<p>La premi\u00e8re partie sera assur\u00e9e par Carpe Diem. Le tarif est de 39 \u20ac.<\/p>\n<p>La billetterie est ouverte depuis le vendredi 15 d\u00e9cembre. R\u00e9servations : www.arcachon.com, office de Tourisme d\u2019Arcachon et autres point de vente habituels.<\/p>\n","protected":false},"excerpt":{"rendered":"<p>Le groupe de rap marseillais IAM sera sur la sc\u00e8ne du V\u00e9lodrome le vendredi 3 ao\u00fbt \u00e0 21h30. L\u2019occasion de f\u00eater les 20 ans de l\u2019album &#8221; L\u2019\u00e9cole du micro d\u2019argent&#8221;. La premi\u00e8re partie sera assur\u00e9e par Carpe Diem. Le tarif est de 39 \u20ac. La billetterie est ouverte depuis le vendredi 15 d\u00e9cembre. R\u00e9servations [&hellip;]<\/p>\n","protected":false},"author":1,"featured_media":4067,"comment_status":"closed","ping_status":"open","sticky":false,"template":"","format":"standard","meta":[],"categories":[7],"tags":[],"yoast_head":"<!-- This site is optimized with the Yoast SEO plugin v15.7 - https:\/\/yoast.com\/wordpress\/plugins\/seo\/ -->\n<title>IAM au V\u00e9lodrome d&#039;Arcachon le 3 ao\u00fbt - Atlantica Radio<\/title>\n<meta name=\"robots\" content=\"index, follow, max-snippet:-1, max-image-preview:large, max-video-preview:-1\" \/>\n<link rel=\"canonical\" href=\"https:\/\/www.atlantica-radio.fr\/iam-au-velodrome-darcachon-le-3-aout\/\" \/>\n<meta property=\"og:locale\" content=\"fr_FR\" \/>\n<meta property=\"og:type\" content=\"article\" \/>\n<meta property=\"og:title\" content=\"IAM au V\u00e9lodrome d&#039;Arcachon le 3 ao\u00fbt - Atlantica Radio\" \/>\n<meta property=\"og:description\" content=\"Le groupe de rap marseillais IAM sera sur la sc\u00e8ne du V\u00e9lodrome le vendredi 3 ao\u00fbt \u00e0 21h30. L\u2019occasion de f\u00eater les 20 ans de l\u2019album &#8221; L\u2019\u00e9cole du micro d\u2019argent&#8221;. La premi\u00e8re partie sera assur\u00e9e par Carpe Diem. Le tarif est de 39 \u20ac. La billetterie est ouverte depuis le vendredi 15 d\u00e9cembre. R\u00e9servations [&hellip;]\" \/>\n<meta property=\"og:url\" content=\"https:\/\/www.atlantica-radio.fr\/iam-au-velodrome-darcachon-le-3-aout\/\" \/>\n<meta property=\"og:site_name\" content=\"Atlantica Radio\" \/>\n<meta property=\"article:published_time\" content=\"2018-01-02T16:52:52+00:00\" \/>\n<meta property=\"article:modified_time\" content=\"2018-01-09T23:09:10+00:00\" \/>\n<meta property=\"og:image\" content=\"https:\/\/www.atlantica-radio.fr\/wp-content\/uploads\/2017\/12\/iam3.jpg\" \/>\n\t<meta property=\"og:image:width\" content=\"815\" \/>\n\t<meta property=\"og:image:height\" content=\"1000\" \/>\n<meta name=\"twitter:card\" content=\"summary_large_image\" \/>\n<script type=\"application\/ld+json\" class=\"yoast-schema-graph\">{\"@context\":\"https:\/\/schema.org\",\"@graph\":[{\"@type\":\"WebSite\",\"@id\":\"https:\/\/www.atlantica-radio.fr\/#website\",\"url\":\"https:\/\/www.atlantica-radio.fr\/\",\"name\":\"Atlantica Radio\",\"description\":\"Au coeur du bassin d&#039;Arcachon\",\"potentialAction\":[{\"@type\":\"SearchAction\",\"target\":\"https:\/\/www.atlantica-radio.fr\/?s={search_term_string}\",\"query-input\":\"required name=search_term_string\"}],\"inLanguage\":\"fr-FR\"},{\"@type\":\"ImageObject\",\"@id\":\"https:\/\/www.atlantica-radio.fr\/iam-au-velodrome-darcachon-le-3-aout\/#primaryimage\",\"inLanguage\":\"fr-FR\",\"url\":\"https:\/\/www.atlantica-radio.fr\/wp-content\/uploads\/2017\/12\/iam3.jpg\",\"width\":815,\"height\":1000},{\"@type\":\"WebPage\",\"@id\":\"https:\/\/www.atlantica-radio.fr\/iam-au-velodrome-darcachon-le-3-aout\/#webpage\",\"url\":\"https:\/\/www.atlantica-radio.fr\/iam-au-velodrome-darcachon-le-3-aout\/\",\"name\":\"IAM au V\\u00e9lodrome d'Arcachon le 3 ao\\u00fbt - Atlantica Radio\",\"isPartOf\":{\"@id\":\"https:\/\/www.atlantica-radio.fr\/#website\"},\"primaryImageOfPage\":{\"@id\":\"https:\/\/www.atlantica-radio.fr\/iam-au-velodrome-darcachon-le-3-aout\/#primaryimage\"},\"datePublished\":\"2018-01-02T16:52:52+00:00\",\"dateModified\":\"2018-01-09T23:09:10+00:00\",\"author\":{\"@id\":\"https:\/\/www.atlantica-radio.fr\/#\/schema\/person\/1ecb64b6771f00df5d8614c5a6f9495e\"},\"inLanguage\":\"fr-FR\",\"potentialAction\":[{\"@type\":\"ReadAction\",\"target\":[\"https:\/\/www.atlantica-radio.fr\/iam-au-velodrome-darcachon-le-3-aout\/\"]}]},{\"@type\":\"Person\",\"@id\":\"https:\/\/www.atlantica-radio.fr\/#\/schema\/person\/1ecb64b6771f00df5d8614c5a6f9495e\",\"name\":\"La r\\u00e9daction\",\"image\":{\"@type\":\"ImageObject\",\"@id\":\"https:\/\/www.atlantica-radio.fr\/#personlogo\",\"inLanguage\":\"fr-FR\",\"url\":\"https:\/\/secure.gravatar.com\/avatar\/d8fb08e72d113d4e2a666615ffdc840c?s=96&d=mm&r=g\",\"caption\":\"La r\\u00e9daction\"}}]}<\/script>\n<!-- \/ Yoast SEO plugin. -->","_links":{"self":[{"href":"https:\/\/www.atlantica-radio.fr\/api\/wp\/v2\/posts\/4066"}],"collection":[{"href":"https:\/\/www.atlantica-radio.fr\/api\/wp\/v2\/posts"}],"about":[{"href":"https:\/\/www.atlantica-radio.fr\/api\/wp\/v2\/types\/post"}],"author":[{"embeddable":true,"href":"https:\/\/www.atlantica-radio.fr\/api\/wp\/v2\/users\/1"}],"replies":[{"embeddable":true,"href":"https:\/\/www.atlantica-radio.fr\/api\/wp\/v2\/comments?post=4066"}],"version-history":[{"count":2,"href":"https:\/\/www.atlantica-radio.fr\/api\/wp\/v2\/posts\/4066\/revisions"}],"predecessor-version":[{"id":4069,"href":"https:\/\/www.atlantica-radio.fr\/api\/wp\/v2\/posts\/4066\/revisions\/4069"}],"wp:featuredmedia":[{"embeddable":true,"href":"https:\/\/www.atlantica-radio.fr\/api\/wp\/v2\/media\/4067"}],"wp:attachment":[{"href":"https:\/\/www.atlantica-radio.fr\/api\/wp\/v2\/media?parent=4066"}],"wp:term":[{"taxonomy":"category","embeddable":true,"href":"https:\/\/www.atlantica-radio.fr\/api\/wp\/v2\/categories?post=4066"},{"taxonomy":"post_tag","embeddable":true,"href":"https:\/\/www.atlantica-radio.fr\/api\/wp\/v2\/tags?post=4066"}],"curies":[{"name":"wp","href":"https:\/\/api.w.org\/{rel}","templated":true}]}}